{"id":10611,"date":"2026-02-16T21:09:42","date_gmt":"2026-02-16T20:09:42","guid":{"rendered":"https:\/\/fiaf.net\/lazio\/?p=10611"},"modified":"2026-02-16T21:09:42","modified_gmt":"2026-02-16T20:09:42","slug":"inaugurata-mostra-glie-carnuale","status":"publish","type":"post","link":"https:\/\/fiaf.net\/lazio\/inaugurata-mostra-glie-carnuale\/","title":{"rendered":"Inaugurazione mostra Glie Carnuale"},"content":{"rendered":"\n\t\t<div class=\"box success  \">\n\t\t\t<div class=\"box-inner-block\">\n\t\t\t\t<span class=\"fa tie-shortcode-boxicon\"><\/span>Si e\u2019 svolta il 13 febbraio scorso nella sede di Palazzo Munari, sede del Comune di Frosinone, l\u2019inaugurazione della mostra collettiva della Associazione Fotografica Frosinone sul tema del Carnevale Storico della citt\u00e0. Il Sindaco di Frosinone, Riccardo Mastrangeli, accompagnato dall\u2019assessore alla Cultura Simona Geralico e dall\u2019assessore al centro storico Rossella Testa, hanno condiviso la cerimonia sottolineando l\u2019attenzione della amministrazione comunale alle attivit\u00e0 della Associazione Fotografica Frosinone auspicando una sempre maggiore collaborazione.\n\t\t\t<\/div>\n\t\t<\/div>\n\t\nQuesto Carnevale storico, chiamato anche \u201cFesta della Radeca\u201d, \u00e8 la riconferma del valore autentico di questa manifestazione che fonda le sua radici nella storia. L\u2019Associazione Fotografica Frosinone che da 48 anni \u00e8 attiva in questa citt\u00e0 non poteva non interessarsene, cercando di raccontare con le immagini sia le vicende storiche che esso rappresenta sia il carattere identitario, il senso di appartenenza e l\u2019impegno corale dell\u2019intera cittadinanza.<br \/>\nLa figura centrale di questo Carnevale di Frosinone e\u2019 il generale Jean Antoine Etienne Vachier, detto Championnet, presente nel territorio nel 1798 con l\u2019esercito d\u2019occupazione francese, ma hanno anche un valore simbolico le lunghe foglie d\u2019agave (la radeca) \u2013 come simbolo propiziatorio di fertilit\u00e0 e prosperit\u00e0 e per irridere i potenti, che vengono impugnate da tutta la popolazione al grido di \u201cessegli\u00e8, essegli\u00e8, essegli\u00e8\u2026\u201d.<br \/>\nUna mostra collettiva dei Soci della Associazione Fotografica Frosinone con la quale hanno voluto sottolineare l\u2019appartenenza al territorio e alle sue tradizioni; una Mostra formata da una sintesi di 15 stampe di grande formato e accompagnate da un video.<\/p>\n<p>Qui di seguito le immagini a ricordo dell&#8217;evento,\u00a0 buona visione.<\/p>\n<div id='gallery-1' class='gallery galleryid-10611 gallery-columns-5 gallery-size-thumbnail'><figure class='gallery-item'>\n\t\t\t<div class='gallery-icon landscape'>\n\t\t\t\t<a href='https:\/\/fiaf.net\/lazio\/wp-content\/uploads\/sites\/13\/2026\/02\/foto_01.jpg'><img loading=\"lazy\" decoding=\"async\" width=\"150\" height=\"150\" src=\"https:\/\/fiaf.net\/lazio\/wp-content\/uploads\/sites\/13\/2026\/02\/foto_01-150x150.jpg\" class=\"attachment-thumbnail size-thumbnail\" alt=\"\" \/><\/a>\n\t\t\t<\/div><\/figure><figure class='gallery-item'>\n\t\t\t<div class='gallery-icon landscape'>\n\t\t\t\t<a href='https:\/\/fiaf.net\/lazio\/wp-content\/uploads\/sites\/13\/2026\/02\/foto_02.jpg'><img loading=\"lazy\" decoding=\"async\" width=\"150\" height=\"150\" src=\"https:\/\/fiaf.net\/lazio\/wp-content\/uploads\/sites\/13\/2026\/02\/foto_02-150x150.jpg\" class=\"attachment-thumbnail size-thumbnail\" alt=\"\" \/><\/a>\n\t\t\t<\/div><\/figure><figure class='gallery-item'>\n\t\t\t<div class='gallery-icon landscape'>\n\t\t\t\t<a href='https:\/\/fiaf.net\/lazio\/wp-content\/uploads\/sites\/13\/2026\/02\/foto_03.jpg'><img loading=\"lazy\" decoding=\"async\" width=\"150\" height=\"150\" src=\"https:\/\/fiaf.net\/lazio\/wp-content\/uploads\/sites\/13\/2026\/02\/foto_03-150x150.jpg\" class=\"attachment-thumbnail size-thumbnail\" alt=\"\" \/><\/a>\n\t\t\t<\/div><\/figure><figure class='gallery-item'>\n\t\t\t<div class='gallery-icon landscape'>\n\t\t\t\t<a href='https:\/\/fiaf.net\/lazio\/wp-content\/uploads\/sites\/13\/2026\/02\/foto_04.jpg'><img loading=\"lazy\" decoding=\"async\" width=\"150\" height=\"150\" src=\"https:\/\/fiaf.net\/lazio\/wp-content\/uploads\/sites\/13\/2026\/02\/foto_04-150x150.jpg\" class=\"attachment-thumbnail size-thumbnail\" alt=\"\" \/><\/a>\n\t\t\t<\/div><\/figure><figure class='gallery-item'>\n\t\t\t<div class='gallery-icon landscape'>\n\t\t\t\t<a href='https:\/\/fiaf.net\/lazio\/wp-content\/uploads\/sites\/13\/2026\/02\/foto_05.jpg'><img loading=\"lazy\" decoding=\"async\" width=\"150\" height=\"150\" src=\"https:\/\/fiaf.net\/lazio\/wp-content\/uploads\/sites\/13\/2026\/02\/foto_05-150x150.jpg\" class=\"attachment-thumbnail size-thumbnail\" alt=\"\" \/><\/a>\n\t\t\t<\/div><\/figure><figure class='gallery-item'>\n\t\t\t<div class='gallery-icon landscape'>\n\t\t\t\t<a href='https:\/\/fiaf.net\/lazio\/wp-content\/uploads\/sites\/13\/2026\/02\/foto_06.jpg'><img loading=\"lazy\" decoding=\"async\" width=\"150\" height=\"150\" src=\"https:\/\/fiaf.net\/lazio\/wp-content\/uploads\/sites\/13\/2026\/02\/foto_06-150x150.jpg\" class=\"attachment-thumbnail size-thumbnail\" alt=\"\" \/><\/a>\n\t\t\t<\/div><\/figure><figure class='gallery-item'>\n\t\t\t<div class='gallery-icon landscape'>\n\t\t\t\t<a href='https:\/\/fiaf.net\/lazio\/wp-content\/uploads\/sites\/13\/2026\/02\/foto_07.jpg'><img loading=\"lazy\" decoding=\"async\" width=\"150\" height=\"150\" src=\"https:\/\/fiaf.net\/lazio\/wp-content\/uploads\/sites\/13\/2026\/02\/foto_07-150x150.jpg\" class=\"attachment-thumbnail size-thumbnail\" alt=\"\" \/><\/a>\n\t\t\t<\/div><\/figure><figure class='gallery-item'>\n\t\t\t<div class='gallery-icon landscape'>\n\t\t\t\t<a href='https:\/\/fiaf.net\/lazio\/wp-content\/uploads\/sites\/13\/2026\/02\/foto_08.jpg'><img loading=\"lazy\" decoding=\"async\" width=\"150\" height=\"150\" src=\"https:\/\/fiaf.net\/lazio\/wp-content\/uploads\/sites\/13\/2026\/02\/foto_08-150x150.jpg\" class=\"attachment-thumbnail size-thumbnail\" alt=\"\" \/><\/a>\n\t\t\t<\/div><\/figure><figure class='gallery-item'>\n\t\t\t<div class='gallery-icon landscape'>\n\t\t\t\t<a href='https:\/\/fiaf.net\/lazio\/wp-content\/uploads\/sites\/13\/2026\/02\/foto_09.jpg'><img loading=\"lazy\" decoding=\"async\" width=\"150\" height=\"150\" src=\"https:\/\/fiaf.net\/lazio\/wp-content\/uploads\/sites\/13\/2026\/02\/foto_09-150x150.jpg\" class=\"attachment-thumbnail size-thumbnail\" alt=\"\" \/><\/a>\n\t\t\t<\/div><\/figure><figure class='gallery-item'>\n\t\t\t<div class='gallery-icon landscape'>\n\t\t\t\t<a href='https:\/\/fiaf.net\/lazio\/wp-content\/uploads\/sites\/13\/2026\/02\/foto_10.jpg'><img loading=\"lazy\" decoding=\"async\" width=\"150\" height=\"150\" src=\"https:\/\/fiaf.net\/lazio\/wp-content\/uploads\/sites\/13\/2026\/02\/foto_10-150x150.jpg\" class=\"attachment-thumbnail size-thumbnail\" alt=\"\" \/><\/a>\n\t\t\t<\/div><\/figure>\n\t\t<\/div>\n\n\n    <div class=\"xs_social_share_widget xs_share_url after_content \t\tmain_content  wslu-style-1 wslu-share-box-shaped wslu-fill-colored wslu-none wslu-share-horizontal wslu-theme-font-no wslu-main_content\">\n\n\t\t\n        <ul>\n\t\t\t        <\/ul>\n    <\/div> \n","protected":false},"excerpt":{"rendered":"<p>Si e\u2019 svolta il 13 febbraio scorso nella sede di Palazzo Munari, sede del Comune di Frosinone, l\u2019inaugurazione della mostra &hellip;<\/p>\n","protected":false},"author":20,"featured_media":10612,"comment_status":"closed","ping_status":"closed","sticky":false,"template":"","format":"standard","meta":{"_acf_changed":false,"footnotes":""},"categories":[2,8],"tags":[],"class_list":["post-10611","post","type-post","status-publish","format-standard","has-post-thumbnail","hentry","category-attivita-circoli","category-mostre"],"acf":[],"_links":{"self":[{"href":"https:\/\/fiaf.net\/lazio\/wp-json\/wp\/v2\/posts\/10611","targetHints":{"allow":["GET"]}}],"collection":[{"href":"https:\/\/fiaf.net\/lazio\/wp-json\/wp\/v2\/posts"}],"about":[{"href":"https:\/\/fiaf.net\/lazio\/wp-json\/wp\/v2\/types\/post"}],"author":[{"embeddable":true,"href":"https:\/\/fiaf.net\/lazio\/wp-json\/wp\/v2\/users\/20"}],"replies":[{"embeddable":true,"href":"https:\/\/fiaf.net\/lazio\/wp-json\/wp\/v2\/comments?post=10611"}],"version-history":[{"count":4,"href":"https:\/\/fiaf.net\/lazio\/wp-json\/wp\/v2\/posts\/10611\/revisions"}],"predecessor-version":[{"id":10626,"href":"https:\/\/fiaf.net\/lazio\/wp-json\/wp\/v2\/posts\/10611\/revisions\/10626"}],"wp:featuredmedia":[{"embeddable":true,"href":"https:\/\/fiaf.net\/lazio\/wp-json\/wp\/v2\/media\/10612"}],"wp:attachment":[{"href":"https:\/\/fiaf.net\/lazio\/wp-json\/wp\/v2\/media?parent=10611"}],"wp:term":[{"taxonomy":"category","embeddable":true,"href":"https:\/\/fiaf.net\/lazio\/wp-json\/wp\/v2\/categories?post=10611"},{"taxonomy":"post_tag","embeddable":true,"href":"https:\/\/fiaf.net\/lazio\/wp-json\/wp\/v2\/tags?post=10611"}],"curies":[{"name":"wp","href":"https:\/\/api.w.org\/{rel}","templated":true}]}}