{"id":11666,"date":"2026-09-03T14:56:37","date_gmt":"2026-09-03T12:56:37","guid":{"rendered":"https:\/\/fiaf.net\/lazio\/?p=11666"},"modified":"2026-09-03T14:56:37","modified_gmt":"2026-09-03T12:56:37","slug":"il-circolo-fotografico-fuorifuoco-a-tivoli-con-agrosfera","status":"publish","type":"post","link":"https:\/\/fiaf.net\/lazio\/il-circolo-fotografico-fuorifuoco-a-tivoli-con-agrosfera\/","title":{"rendered":"Il Circolo Fotografico Fuorifuoco a Tivoli con \u201cAgrosfera\u201d"},"content":{"rendered":"<p><strong>Dal 19 al 27 settembre 2026, la chiesa di San Vincenzo a Tivoli ospiter\u00e0 la mostra fotografica del Circolo Fotografico Fuorifuoco, tappa locale del progetto nazionale Agrosfera \u2013 Storie di tradizione e innovazione, promosso dalla FIAF (Federazione Italiana Associazioni Fotografiche).<\/strong><\/p>\n<p>Il progetto, che nel biennio 2025-2026 ha coinvolto circoli e fotografi da tutta Italia, racconta attraverso l\u2019obiettivo il mondo agroalimentare: le tradizioni contadine, l\u2019innovazione tecnologica in agricoltura, il lavoro nei campi e negli allevamenti, il legame profondo tra le persone e la terra. Un tema che intreccia memoria e futuro, raccontando un settore centrale per l\u2019economia e l\u2019identit\u00e0 del nostro Paese.<\/p>\n<p>In questo contesto si inserisce il lavoro del Circolo Fotografico Fuorifuoco, che propone uno sguardo autoriale sul tema . Ogni fotografo partecipante ha esplorato il territorio circostante alla ricerca di realt\u00e0 legate al mondo agroalimentare, componendo un percorso espositivo corale che, pur nella diversit\u00e0 degli sguardi, converge su alcuni interrogativi condivisi. Le immagini raccontano il rapporto complesso e spesso faticoso tra l\u2019uomo e il lavoro che si nasconde dietro ci\u00f2 che ogni giorno portiamo in tavola, restituendo la fatica, la dedizione e talvolta la fragilit\u00e0 di chi opera in questo settore. Non manca uno sguardo attento all\u2019impatto che tale lavoro ha sull\u2019ambiente, in un dialogo tra produzione e sostenibilit\u00e0 che invita il visitatore a una riflessione pi\u00f9 ampia sul valore, spesso invisibile, di ci\u00f2 che consumiamo.<\/p>\n<p data-path-to-node=\"5\">\n\t\t<div class=\"box info  \">\n\t\t\t<div class=\"box-inner-block\">\n\t\t\t\t<span class=\"fa tie-shortcode-boxicon\"><\/span>\n<p data-path-to-node=\"5\"><b data-path-to-node=\"6\" data-index-in-node=\"0\">Dettagli dell&#8217;evento:<\/b><\/p>\n<ul>\n<li>\n<p data-path-to-node=\"7,0,0\"><b data-path-to-node=\"7,0,0\" data-index-in-node=\"0\">Cosa:<\/b> Mostra Fotografica<\/p>\n<\/li>\n<li>\n<p data-path-to-node=\"7,0,0\"><b data-path-to-node=\"7,1,0\" data-index-in-node=\"0\">Quando:<\/b> Dal 19 al 27 settembre 2026<\/p>\n<\/li>\n<li>\n<p data-path-to-node=\"7,2,0\"><b data-path-to-node=\"7,2,0\" data-index-in-node=\"0\">Dove:<\/b> Tivoli &#8211; Chiesa di San Vincenzo<\/p>\n<\/li>\n<li>\n<p data-path-to-node=\"7,3,0\"><b data-path-to-node=\"7,3,0\" data-index-in-node=\"0\">Organizzazione:<\/b> Circolo Fotografico Fuorifuoco<\/p>\n<\/li>\n<li><strong>Ingresso:<\/strong> Libero<\/li>\n<\/ul>\n<p data-path-to-node=\"5\">\n\t\t\t<\/div>\n\t\t<\/div>\n\t\n<p>&nbsp;<\/p>\n<p><a href=\"https:\/\/fiaf.net\/lazio\/wp-content\/uploads\/sites\/13\/2026\/09\/WhatsApp-Image-2026-09-03-at-12.52.19-1.jpeg\"><img loading=\"lazy\" decoding=\"async\" class=\"alignleft wp-image-11668 size-medium\" src=\"https:\/\/fiaf.net\/lazio\/wp-content\/uploads\/sites\/13\/2026\/09\/WhatsApp-Image-2026-09-03-at-12.52.19-1-200x300.jpeg\" alt=\"\" width=\"200\" height=\"300\" srcset=\"https:\/\/fiaf.net\/lazio\/wp-content\/uploads\/sites\/13\/2026\/09\/WhatsApp-Image-2026-09-03-at-12.52.19-1-200x300.jpeg 200w, https:\/\/fiaf.net\/lazio\/wp-content\/uploads\/sites\/13\/2026\/09\/WhatsApp-Image-2026-09-03-at-12.52.19-1-682x1024.jpeg 682w, https:\/\/fiaf.net\/lazio\/wp-content\/uploads\/sites\/13\/2026\/09\/WhatsApp-Image-2026-09-03-at-12.52.19-1-768x1154.jpeg 768w, https:\/\/fiaf.net\/lazio\/wp-content\/uploads\/sites\/13\/2026\/09\/WhatsApp-Image-2026-09-03-at-12.52.19-1.jpeg 1023w\" sizes=\"auto, (max-width: 200px) 100vw, 200px\" \/><\/a><\/p>\n<p><a href=\"https:\/\/fiaf.net\/lazio\/wp-content\/uploads\/sites\/13\/2026\/09\/WhatsApp-Image-2026-09-03-at-12.52.19.jpeg\"><img loading=\"lazy\" decoding=\"async\" class=\"alignleft wp-image-11669 size-medium\" src=\"https:\/\/fiaf.net\/lazio\/wp-content\/uploads\/sites\/13\/2026\/09\/WhatsApp-Image-2026-09-03-at-12.52.19-213x300.jpeg\" alt=\"\" width=\"213\" height=\"300\" srcset=\"https:\/\/fiaf.net\/lazio\/wp-content\/uploads\/sites\/13\/2026\/09\/WhatsApp-Image-2026-09-03-at-12.52.19-213x300.jpeg 213w, https:\/\/fiaf.net\/lazio\/wp-content\/uploads\/sites\/13\/2026\/09\/WhatsApp-Image-2026-09-03-at-12.52.19-728x1024.jpeg 728w, https:\/\/fiaf.net\/lazio\/wp-content\/uploads\/sites\/13\/2026\/09\/WhatsApp-Image-2026-09-03-at-12.52.19-768x1081.jpeg 768w, https:\/\/fiaf.net\/lazio\/wp-content\/uploads\/sites\/13\/2026\/09\/WhatsApp-Image-2026-09-03-at-12.52.19-1092x1536.jpeg 1092w, https:\/\/fiaf.net\/lazio\/wp-content\/uploads\/sites\/13\/2026\/09\/WhatsApp-Image-2026-09-03-at-12.52.19.jpeg 1137w\" sizes=\"auto, (max-width: 213px) 100vw, 213px\" \/><\/a><\/p>\n\n    <div class=\"xs_social_share_widget xs_share_url after_content \t\tmain_content  wslu-style-1 wslu-share-box-shaped wslu-fill-colored wslu-none wslu-share-horizontal wslu-theme-font-no wslu-main_content\">\n\n\t\t\n        <ul>\n\t\t\t        <\/ul>\n    <\/div> \n","protected":false},"excerpt":{"rendered":"<p>Dal 19 al 27 settembre 2026, la chiesa di San Vincenzo a Tivoli ospiter\u00e0 la mostra fotografica del Circolo Fotografico &hellip;<\/p>\n","protected":false},"author":469,"featured_media":11671,"comment_status":"closed","ping_status":"closed","sticky":false,"template":"","format":"standard","meta":{"_acf_changed":false,"footnotes":""},"categories":[8],"tags":[],"class_list":["post-11666","post","type-post","status-publish","format-standard","has-post-thumbnail","hentry","category-mostre"],"acf":[],"_links":{"self":[{"href":"https:\/\/fiaf.net\/lazio\/wp-json\/wp\/v2\/posts\/11666","targetHints":{"allow":["GET"]}}],"collection":[{"href":"https:\/\/fiaf.net\/lazio\/wp-json\/wp\/v2\/posts"}],"about":[{"href":"https:\/\/fiaf.net\/lazio\/wp-json\/wp\/v2\/types\/post"}],"author":[{"embeddable":true,"href":"https:\/\/fiaf.net\/lazio\/wp-json\/wp\/v2\/users\/469"}],"replies":[{"embeddable":true,"href":"https:\/\/fiaf.net\/lazio\/wp-json\/wp\/v2\/comments?post=11666"}],"version-history":[{"count":1,"href":"https:\/\/fiaf.net\/lazio\/wp-json\/wp\/v2\/posts\/11666\/revisions"}],"predecessor-version":[{"id":11670,"href":"https:\/\/fiaf.net\/lazio\/wp-json\/wp\/v2\/posts\/11666\/revisions\/11670"}],"wp:featuredmedia":[{"embeddable":true,"href":"https:\/\/fiaf.net\/lazio\/wp-json\/wp\/v2\/media\/11671"}],"wp:attachment":[{"href":"https:\/\/fiaf.net\/lazio\/wp-json\/wp\/v2\/media?parent=11666"}],"wp:term":[{"taxonomy":"category","embeddable":true,"href":"https:\/\/fiaf.net\/lazio\/wp-json\/wp\/v2\/categories?post=11666"},{"taxonomy":"post_tag","embeddable":true,"href":"https:\/\/fiaf.net\/lazio\/wp-json\/wp\/v2\/tags?post=11666"}],"curies":[{"name":"wp","href":"https:\/\/api.w.org\/{rel}","templated":true}]}}