{"id":23,"date":"2012-05-03T20:14:09","date_gmt":"2012-05-03T20:14:09","guid":{"rendered":"https:\/\/fiaf.net\/regioni\/lazio\/?p=23"},"modified":"2012-05-03T20:14:09","modified_gmt":"2012-05-03T20:14:09","slug":"40-anno-afbc-di-bracciano-bfi","status":"publish","type":"post","link":"https:\/\/fiaf.net\/lazio\/40-anno-afbc-di-bracciano-bfi\/","title":{"rendered":"40\u00b0 anno AFBC di Bracciano BFI"},"content":{"rendered":"<p style=\"text-align: justify\">Il giorno 18 marzo 2012 alla presenza del sindaco Giuliano Sala, dell&#8217;Assessore alla Cultura Gianpiero Nardelli e di altre autorit\u00e0 locali, si \u00e8 tenuta la manifestazione per festeggiare i 40 anni del glorioso circolo AFBc di Bracciano BFI. Una mostra con 40 anni di fotografia e torta finale con i soci fondatori Fondato nel 1972 L&#8217;AFBc di Bracciano \u00e8 un punto di riferimento per la FIAF del Lazio. I nomi di Germano Lucci, Mario Ferri, Marco Marini, Giancarlo Gasperini, per citarne alcuni, hanno conseguito negli anni numerose onorificenze. Il circolo continua le sue attivit\u00e0 ed \u00e8 un fiore all&#8217;occhiello per la citt\u00e0 di Bracciano.<\/p>\n<p style=\"text-align: justify\"><span style=\"color: #ffffff\">\u00a0.<\/span><\/p>\n<p><a href=\"https:\/\/fiaf.net\/regioni\/lazio\/wp-content\/uploads\/2012\/05\/P10008311.jpg\"><img loading=\"lazy\" decoding=\"async\" class=\"wp-image-28 aligncenter\" title=\"P1000831\" src=\"https:\/\/fiaf.net\/regioni\/lazio\/wp-content\/uploads\/2012\/05\/P10008311.jpg\" alt=\"\" width=\"580\" height=\"435\" srcset=\"https:\/\/fiaf.net\/lazio\/wp-content\/uploads\/sites\/13\/2012\/05\/P10008311.jpg 580w, https:\/\/fiaf.net\/lazio\/wp-content\/uploads\/sites\/13\/2012\/05\/P10008311-300x225.jpg 300w\" sizes=\"auto, (max-width: 580px) 100vw, 580px\" \/><\/a><br \/>\n<a href=\"https:\/\/fiaf.net\/regioni\/lazio\/wp-content\/uploads\/2012\/05\/P10008381.jpg\"><img loading=\"lazy\" decoding=\"async\" class=\"size-full wp-image-29 aligncenter\" title=\"P1000838\" src=\"https:\/\/fiaf.net\/regioni\/lazio\/wp-content\/uploads\/2012\/05\/P10008381.jpg\" alt=\"\" width=\"580\" height=\"435\" srcset=\"https:\/\/fiaf.net\/lazio\/wp-content\/uploads\/sites\/13\/2012\/05\/P10008381.jpg 580w, https:\/\/fiaf.net\/lazio\/wp-content\/uploads\/sites\/13\/2012\/05\/P10008381-300x225.jpg 300w\" sizes=\"auto, (max-width: 580px) 100vw, 580px\" \/><\/a><\/p>\n\n    <div class=\"xs_social_share_widget xs_share_url after_content \t\tmain_content  wslu-style-1 wslu-share-box-shaped wslu-fill-colored wslu-none wslu-share-horizontal wslu-theme-font-no wslu-main_content\">\n\n\t\t\n        <ul>\n\t\t\t        <\/ul>\n    <\/div> \n","protected":false},"excerpt":{"rendered":"<p>Il giorno 18 marzo 2012 alla presenza del sindaco Giuliano Sala, dell&#8217;Assessore alla Cultura Gianpiero Nardelli e di altre autorit\u00e0 &hellip;<\/p>\n","protected":false},"author":1,"featured_media":24,"comment_status":"closed","ping_status":"open","sticky":false,"template":"","format":"standard","meta":{"_acf_changed":false,"footnotes":""},"categories":[2],"tags":[],"class_list":["post-23","post","type-post","status-publish","format-standard","has-post-thumbnail","hentry","category-attivita-circoli"],"acf":[],"_links":{"self":[{"href":"https:\/\/fiaf.net\/lazio\/wp-json\/wp\/v2\/posts\/23","targetHints":{"allow":["GET"]}}],"collection":[{"href":"https:\/\/fiaf.net\/lazio\/wp-json\/wp\/v2\/posts"}],"about":[{"href":"https:\/\/fiaf.net\/lazio\/wp-json\/wp\/v2\/types\/post"}],"author":[{"embeddable":true,"href":"https:\/\/fiaf.net\/lazio\/wp-json\/wp\/v2\/users\/1"}],"replies":[{"embeddable":true,"href":"https:\/\/fiaf.net\/lazio\/wp-json\/wp\/v2\/comments?post=23"}],"version-history":[{"count":0,"href":"https:\/\/fiaf.net\/lazio\/wp-json\/wp\/v2\/posts\/23\/revisions"}],"wp:featuredmedia":[{"embeddable":true,"href":"https:\/\/fiaf.net\/lazio\/wp-json\/wp\/v2\/media\/24"}],"wp:attachment":[{"href":"https:\/\/fiaf.net\/lazio\/wp-json\/wp\/v2\/media?parent=23"}],"wp:term":[{"taxonomy":"category","embeddable":true,"href":"https:\/\/fiaf.net\/lazio\/wp-json\/wp\/v2\/categories?post=23"},{"taxonomy":"post_tag","embeddable":true,"href":"https:\/\/fiaf.net\/lazio\/wp-json\/wp\/v2\/tags?post=23"}],"curies":[{"name":"wp","href":"https:\/\/api.w.org\/{rel}","templated":true}]}}