{"id":2844,"date":"2018-02-13T12:42:31","date_gmt":"2018-02-13T10:42:31","guid":{"rendered":"https:\/\/fiaf.net\/regioni\/lazio\/?p=2844"},"modified":"2018-02-13T12:42:31","modified_gmt":"2018-02-13T10:42:31","slug":"laltro-scatto-organizza-serata-collettiva-di-lettura-foto-singola","status":"publish","type":"post","link":"https:\/\/fiaf.net\/lazio\/laltro-scatto-organizza-serata-collettiva-di-lettura-foto-singola\/","title":{"rendered":"L&#039;Altro Scatto organizza: serata collettiva di lettura foto singola"},"content":{"rendered":"<p>Qui di seguito la comunicazione del presidente dell\u2019Associazione culturale L\u2019Altro Scatto, Paolo Loli<br \/>\n<em>Continuano le serata \u2018collettive\u2019 presso l\u2019Associazione culturale L\u2019Altro Scatto.<br \/>\nDopo le numerose serate dedicate alla lettura collettiva di portfolio, visto che entro marzo dovranno essere consegnati gli scatti singoli per gli intercircoli e visto che non dobbiamo perdere di vista l\u2019importanza dello scatto singolo ecco il motivo di questa nuova attivit\u00e0 corale.<br \/>\nOvviamente non sar\u00e0 obbligatorio portare in visione le fotografie che andranno agli intercircoli e non \u00e8 dovuto portare le fotografie stampate, visto che i commenti saranno alle singole fotografie sar\u00e0 disponibile il proiettore per la visualizzione delle stesse.<br \/>\nVi aspettiamo quindi marted\u00ec 27 febbraio p.v. nella nostra sede in viale Gorgia di Leontini 171, la serata comincer\u00e0 rigorosamente alle 21:15 per consentire poi agevoli rientri a chi verr\u00e0 da lontano. Non mi resta che allegarvi la locandina dell\u2019evento.<\/em><br \/>\n<a href=\"https:\/\/fiaf.net\/regioni\/lazio\/wp-content\/uploads\/2018\/02\/locandinafotosingola1.jpg\"><img loading=\"lazy\" decoding=\"async\" src=\"https:\/\/fiaf.net\/regioni\/lazio\/wp-content\/uploads\/2018\/02\/locandinafotosingola1-212x300.jpg\" alt=\"locandinafotosingola\" width=\"212\" height=\"300\" class=\"alignleft size-medium wp-image-2852\" srcset=\"https:\/\/fiaf.net\/lazio\/wp-content\/uploads\/sites\/13\/2018\/02\/locandinafotosingola1-212x300.jpg 212w, https:\/\/fiaf.net\/lazio\/wp-content\/uploads\/sites\/13\/2018\/02\/locandinafotosingola1-724x1024.jpg 724w, https:\/\/fiaf.net\/lazio\/wp-content\/uploads\/sites\/13\/2018\/02\/locandinafotosingola1-768x1086.jpg 768w, https:\/\/fiaf.net\/lazio\/wp-content\/uploads\/sites\/13\/2018\/02\/locandinafotosingola1-1086x1536.jpg 1086w, https:\/\/fiaf.net\/lazio\/wp-content\/uploads\/sites\/13\/2018\/02\/locandinafotosingola1.jpg 1414w\" sizes=\"auto, (max-width: 212px) 100vw, 212px\" \/><\/a><\/p>\n\n    <div class=\"xs_social_share_widget xs_share_url after_content \t\tmain_content  wslu-style-1 wslu-share-box-shaped wslu-fill-colored wslu-none wslu-share-horizontal wslu-theme-font-no wslu-main_content\">\n\n\t\t\n        <ul>\n\t\t\t        <\/ul>\n    <\/div> \n","protected":false},"excerpt":{"rendered":"<p>Qui di seguito la comunicazione del presidente dell\u2019Associazione culturale L\u2019Altro Scatto, Paolo Loli Continuano le serata \u2018collettive\u2019 presso l\u2019Associazione culturale &hellip;<\/p>\n","protected":false},"author":1,"featured_media":2852,"comment_status":"closed","ping_status":"closed","sticky":false,"template":"","format":"standard","meta":{"_acf_changed":false,"footnotes":""},"categories":[2],"tags":[],"class_list":["post-2844","post","type-post","status-publish","format-standard","has-post-thumbnail","hentry","category-attivita-circoli"],"acf":[],"_links":{"self":[{"href":"https:\/\/fiaf.net\/lazio\/wp-json\/wp\/v2\/posts\/2844","targetHints":{"allow":["GET"]}}],"collection":[{"href":"https:\/\/fiaf.net\/lazio\/wp-json\/wp\/v2\/posts"}],"about":[{"href":"https:\/\/fiaf.net\/lazio\/wp-json\/wp\/v2\/types\/post"}],"author":[{"embeddable":true,"href":"https:\/\/fiaf.net\/lazio\/wp-json\/wp\/v2\/users\/1"}],"replies":[{"embeddable":true,"href":"https:\/\/fiaf.net\/lazio\/wp-json\/wp\/v2\/comments?post=2844"}],"version-history":[{"count":0,"href":"https:\/\/fiaf.net\/lazio\/wp-json\/wp\/v2\/posts\/2844\/revisions"}],"wp:featuredmedia":[{"embeddable":true,"href":"https:\/\/fiaf.net\/lazio\/wp-json\/wp\/v2\/media\/2852"}],"wp:attachment":[{"href":"https:\/\/fiaf.net\/lazio\/wp-json\/wp\/v2\/media?parent=2844"}],"wp:term":[{"taxonomy":"category","embeddable":true,"href":"https:\/\/fiaf.net\/lazio\/wp-json\/wp\/v2\/categories?post=2844"},{"taxonomy":"post_tag","embeddable":true,"href":"https:\/\/fiaf.net\/lazio\/wp-json\/wp\/v2\/tags?post=2844"}],"curies":[{"name":"wp","href":"https:\/\/api.w.org\/{rel}","templated":true}]}}