{"id":3290,"date":"2018-09-20T16:48:27","date_gmt":"2018-09-20T14:48:27","guid":{"rendered":"https:\/\/fiaf.net\/regioni\/lazio\/?p=3290"},"modified":"2018-09-20T16:48:27","modified_gmt":"2018-09-20T14:48:27","slug":"mostra-fotografica-di-luigi-feliziani-lultima-soglia","status":"publish","type":"post","link":"https:\/\/fiaf.net\/lazio\/mostra-fotografica-di-luigi-feliziani-lultima-soglia\/","title":{"rendered":"Mostra fotografica di Luigi Feliziani: L&#039;ultima Soglia"},"content":{"rendered":"<p>Luogo: Biblioteca Comunale \u201cLa casa del Parco\u201d, via della Pineta Sacchetti 78. Dal dal 16 Ottobre p.v. al 9 novembre p.v. &#8211;  Orari: lun. 9-14, mart-ven 9-19, sab.  9-13<br \/>\nIl fotoclub lucis Imago In occasione del 75 anniversario della razzia di oltre 1.000 cittadini romani, ebrei, avvenuta nel Ghetto di Roma il 16 ottobre 1943, presenta la mostra fotografica di Luigi Feliziani in cui sono esposte le foto dei portoni delle case da cui persone innocenti uscirono quella mattina verso un destino che ne riport\u00f2 a casa, vive, solo alcune.<br \/>\nLa deportazione di cittadini italiani, perch\u00e9 ebrei, perch\u00e9 ritenuti oppositori politici, perch\u00e9 militari, fu un dramma che riguard\u00f2 migliaia di persone, uomini donne e bambini, dramma che non deve essere dimenticato.<br \/>\nIl lavoro di Luigi Feliziani non vuole ripercorrere i giorni e mesi in cui quelle persone subirono tutto il male possibile, ma usare la fotografia e la sua capacit\u00e0 di congelare un evento e permetterci di riflettere sopra, per mostrare il portone da cui ognuno di essi pass\u00f2 quel giorno per andare incontro alla morte.<br \/>\nLa sosta davanti all\u2019immagine di quelle porte, testimoni silenziosi all\u2019epoca, oggi chiuse, pu\u00f2 aiutarci a capire quale fosse lo stato d\u2019animo, i pensieri di quelle donne e uomini trascinati con la violenza fuori dalle loro case, insieme ai loro figli, tanti bambini.<br \/>\nNessuna di quelle persone sapeva quale sarebbe stato il loro destino; molti forse inconsciamente si negavano la paura di andare a morire: si diceva che sarebbero stati portati a lavorare per i tedeschi, che sarebbero stati imprigionati, ma chiss\u00e0 quanti invece presagivano con terrore il loro futuro.<br \/>\nIn mostra sono esposte anche una trentina di fotografie dei bambini razziati, 230, tutti uccisi all\u2019arrivo in Germania. Le foto erano state utilizzate dai parenti scampati alla razzia per poter ricercare notizie dei piccoli.<br \/>\nQui la locandina:<br \/>\n<a href=\"https:\/\/fiaf.net\/regioni\/lazio\/wp-content\/uploads\/2018\/09\/locandinabis.jpg\"><img loading=\"lazy\" decoding=\"async\" src=\"https:\/\/fiaf.net\/regioni\/lazio\/wp-content\/uploads\/2018\/09\/locandinabis-211x300.jpg\" alt=\"locandinabis\" width=\"211\" height=\"300\" class=\"alignleft size-medium wp-image-3313\" \/><\/a><br \/>\nLa stessa in formato pdf:<br \/>\n<a href=\"https:\/\/fiaf.net\/regioni\/lazio\/wp-content\/uploads\/2018\/09\/locandina-ULTIMA-SOGLIA-16-OTTTOBRE-2018.pdf\">locandina ULTIMA SOGLIA- 16 OTTTOBRE 2018<\/a><br \/>\nE qui il riconoscimento FIAF Q3\/2018:<br \/>\n<a href=\"https:\/\/fiaf.net\/regioni\/lazio\/wp-content\/uploads\/2018\/09\/riconoscimento-FIAF-Q3-2018.pdf\">riconoscimento FIAF Q3-2018<\/a><\/p>\n\n    <div class=\"xs_social_share_widget xs_share_url after_content \t\tmain_content  wslu-style-1 wslu-share-box-shaped wslu-fill-colored wslu-none wslu-share-horizontal wslu-theme-font-no wslu-main_content\">\n\n\t\t\n        <ul>\n\t\t\t        <\/ul>\n    <\/div> \n","protected":false},"excerpt":{"rendered":"<p>Luogo: Biblioteca Comunale \u201cLa casa del Parco\u201d, via della Pineta Sacchetti 78. Dal dal 16 Ottobre p.v. al 9 novembre &hellip;<\/p>\n","protected":false},"author":1,"featured_media":3313,"comment_status":"closed","ping_status":"closed","sticky":false,"template":"","format":"standard","meta":{"_acf_changed":false,"footnotes":""},"categories":[2,8],"tags":[],"class_list":["post-3290","post","type-post","status-publish","format-standard","has-post-thumbnail","hentry","category-attivita-circoli","category-mostre"],"acf":[],"_links":{"self":[{"href":"https:\/\/fiaf.net\/lazio\/wp-json\/wp\/v2\/posts\/3290","targetHints":{"allow":["GET"]}}],"collection":[{"href":"https:\/\/fiaf.net\/lazio\/wp-json\/wp\/v2\/posts"}],"about":[{"href":"https:\/\/fiaf.net\/lazio\/wp-json\/wp\/v2\/types\/post"}],"author":[{"embeddable":true,"href":"https:\/\/fiaf.net\/lazio\/wp-json\/wp\/v2\/users\/1"}],"replies":[{"embeddable":true,"href":"https:\/\/fiaf.net\/lazio\/wp-json\/wp\/v2\/comments?post=3290"}],"version-history":[{"count":0,"href":"https:\/\/fiaf.net\/lazio\/wp-json\/wp\/v2\/posts\/3290\/revisions"}],"wp:featuredmedia":[{"embeddable":true,"href":"https:\/\/fiaf.net\/lazio\/wp-json\/wp\/v2\/media\/3313"}],"wp:attachment":[{"href":"https:\/\/fiaf.net\/lazio\/wp-json\/wp\/v2\/media?parent=3290"}],"wp:term":[{"taxonomy":"category","embeddable":true,"href":"https:\/\/fiaf.net\/lazio\/wp-json\/wp\/v2\/categories?post=3290"},{"taxonomy":"post_tag","embeddable":true,"href":"https:\/\/fiaf.net\/lazio\/wp-json\/wp\/v2\/tags?post=3290"}],"curies":[{"name":"wp","href":"https:\/\/api.w.org\/{rel}","templated":true}]}}