{"id":3690,"date":"2019-02-08T04:21:26","date_gmt":"2019-02-08T02:21:26","guid":{"rendered":"https:\/\/fiaf.net\/regioni\/lazio\/?p=3690"},"modified":"2019-02-08T04:21:26","modified_gmt":"2019-02-08T02:21:26","slug":"circolo-la-spera-incontro-con-lautore-stefano-mirabella","status":"publish","type":"post","link":"https:\/\/fiaf.net\/lazio\/circolo-la-spera-incontro-con-lautore-stefano-mirabella\/","title":{"rendered":"Circolo La spera: incontro con l&#039;autore: Stefano Mirabella"},"content":{"rendered":"<p>Torna al Circolo Fotografico FIAF &#8220;La Spera&#8221;, l&#8217;Incontro con l&#8217;Autore<br \/>\nSiamo lieti d\u2019avere ospite con noi Stefano Mirabella.<br \/>\nAppuntamento presso il Circolo La spera:<br \/>\nMarted\u00ec 12 marzo 2019 ore 20:30 \u2013 Via dei Gladioli 13 (Roma)<br \/>\nPartecipazione gratuita &#8211; E&#8217; richiesta la Prenotazione<br \/>\nPer prenotare contattare Roberto Martino<br \/>\nwhatsapp: 3470193572 o<br \/>\nfacebook: <a href=\"https:\/\/www.facebook.com\/robertomartinofoto\" title=\"https:\/\/www.facebook.com\/robertomartinofoto\" target=\"_blank\" rel=\"noopener\">https:\/\/www.facebook.com\/robertomartinofoto<\/a><br \/>\nOrganizzazione: Circolo fotografico FIAF &#8220;La Spera&#8221;<br \/>\nDirezione Artistica: Roberto Martino<br \/>\nRelatore: Stefano Mirabella<br \/>\nL&#8217;autore:<br \/>\nStefano Mirabella \u00e8 nato e vive a Roma dal 1973, nel 2003 muove i primi passi nel mondo della fotografia frequentando alcuni corsi nelle migliori scuole di Roma. Subito dopo inizia un percorso fotografico personale, che lo vede impegnato nel reportage sociale, numerosi i viaggi fotografici all\u2019estero: Thailandia, Cambogia, Laos, Birmania, India, Siria e territori occupati palestinesi. Queste esperienze danno vita ad alcune mostre personali e pubblicazioni varie. La passione per la fotografia lo porta a intraprendere la strada dell\u2019insegnamento, tiene costantemente corsi di fotografia avanzati e di base, individualmente o per conto di associazioni e scuole.<br \/>\nDal 2012 pratica la Street Photography. Entra subito a far parte del collettivo italiano Spontanea. Vive la fotografia di strada come un\u2019opportunit\u00e0 per stare tra la gente e riscoprire la sua citt\u00e0. Predilige quel tipo di fotografia che \u00e8 in bilico tra la voglia di rappresentare la realt\u00e0 e il desiderio di trascenderla.<br \/>\nAma profondamente il genere e cerca di condividerlo tramite l\u2019insegnamento, \u00e8 docente presso Officine Fotografiche. Vincitore del Leica Talent 2014 \u00e8 stato Leica Ambassador e docente Leica Akademie dal 2015 al 2018.<br \/>\n2018 Mostra personale \u201cQuestione di attimi\u201d \u2013 Galleria Fiaf, Photoclubeyes (Mo)<br \/>\n2017 Mostra personale \u201cIl Cielo in una stanza\u201d \u2013 Festival Imago Orbetello<br \/>\n2017 Mostra personale \u201cQuattordici\u201d \u2013 Leica Store Roma<br \/>\n2016 Mostra personale \u201cIl Cielo in una stanza\u201d \u2013 Honos Art<br \/>\n2016 Mostra collettiva progetto \u201cVIA\u201d \u2013 Museo di Roma in Trastevere 2016 Finalista al Brussel Street Photography Festival<br \/>\n2016 Giudice al Festival di Fotografia Internazionale di Orbetello 2015 Giudice al Miami Street Photography Festival<br \/>\n2015 Finalista al Siena International Photo Awards 2015 Vincitore del Leica Talent<br \/>\n2014 Finalista al Miami Street Photography Festival 2013 Finalista al Miami Street Photography Festival<br \/>\n2013 vincitore del primo premio al concorso internazionale di Street Photography &#8220;Where Street Has No Name&#8221;<br \/>\n<a href=\"https:\/\/fiaf.net\/regioni\/lazio\/wp-content\/uploads\/2019\/02\/Stefano-Mirabella-Circolo-La-Spera-Roberto-Martino2.jpg\"><img loading=\"lazy\" decoding=\"async\" src=\"https:\/\/fiaf.net\/regioni\/lazio\/wp-content\/uploads\/2019\/02\/Stefano-Mirabella-Circolo-La-Spera-Roberto-Martino2-300x199.jpg\" alt=\"Stefano-Mirabella-Circolo-La-Spera-Roberto-Martino2\" width=\"300\" height=\"199\" class=\"alignleft size-medium wp-image-3694\" srcset=\"https:\/\/fiaf.net\/lazio\/wp-content\/uploads\/sites\/13\/2019\/02\/Stefano-Mirabella-Circolo-La-Spera-Roberto-Martino2-300x199.jpg 300w, https:\/\/fiaf.net\/lazio\/wp-content\/uploads\/sites\/13\/2019\/02\/Stefano-Mirabella-Circolo-La-Spera-Roberto-Martino2-1024x681.jpg 1024w, https:\/\/fiaf.net\/lazio\/wp-content\/uploads\/sites\/13\/2019\/02\/Stefano-Mirabella-Circolo-La-Spera-Roberto-Martino2-768x511.jpg 768w, https:\/\/fiaf.net\/lazio\/wp-content\/uploads\/sites\/13\/2019\/02\/Stefano-Mirabella-Circolo-La-Spera-Roberto-Martino2.jpg 1080w\" sizes=\"auto, (max-width: 300px) 100vw, 300px\" \/><\/a><\/p>\n\n    <div class=\"xs_social_share_widget xs_share_url after_content \t\tmain_content  wslu-style-1 wslu-share-box-shaped wslu-fill-colored wslu-none wslu-share-horizontal wslu-theme-font-no wslu-main_content\">\n\n\t\t\n        <ul>\n\t\t\t        <\/ul>\n    <\/div> \n","protected":false},"excerpt":{"rendered":"<p>Torna al Circolo Fotografico FIAF &#8220;La Spera&#8221;, l&#8217;Incontro con l&#8217;Autore Siamo lieti d\u2019avere ospite con noi Stefano Mirabella. Appuntamento presso &hellip;<\/p>\n","protected":false},"author":1,"featured_media":3694,"comment_status":"closed","ping_status":"closed","sticky":false,"template":"","format":"standard","meta":{"_acf_changed":false,"footnotes":""},"categories":[2],"tags":[],"class_list":["post-3690","post","type-post","status-publish","format-standard","has-post-thumbnail","hentry","category-attivita-circoli"],"acf":[],"_links":{"self":[{"href":"https:\/\/fiaf.net\/lazio\/wp-json\/wp\/v2\/posts\/3690","targetHints":{"allow":["GET"]}}],"collection":[{"href":"https:\/\/fiaf.net\/lazio\/wp-json\/wp\/v2\/posts"}],"about":[{"href":"https:\/\/fiaf.net\/lazio\/wp-json\/wp\/v2\/types\/post"}],"author":[{"embeddable":true,"href":"https:\/\/fiaf.net\/lazio\/wp-json\/wp\/v2\/users\/1"}],"replies":[{"embeddable":true,"href":"https:\/\/fiaf.net\/lazio\/wp-json\/wp\/v2\/comments?post=3690"}],"version-history":[{"count":0,"href":"https:\/\/fiaf.net\/lazio\/wp-json\/wp\/v2\/posts\/3690\/revisions"}],"wp:featuredmedia":[{"embeddable":true,"href":"https:\/\/fiaf.net\/lazio\/wp-json\/wp\/v2\/media\/3694"}],"wp:attachment":[{"href":"https:\/\/fiaf.net\/lazio\/wp-json\/wp\/v2\/media?parent=3690"}],"wp:term":[{"taxonomy":"category","embeddable":true,"href":"https:\/\/fiaf.net\/lazio\/wp-json\/wp\/v2\/categories?post=3690"},{"taxonomy":"post_tag","embeddable":true,"href":"https:\/\/fiaf.net\/lazio\/wp-json\/wp\/v2\/tags?post=3690"}],"curies":[{"name":"wp","href":"https:\/\/api.w.org\/{rel}","templated":true}]}}