{"id":4111,"date":"2019-06-01T23:07:57","date_gmt":"2019-06-01T21:07:57","guid":{"rendered":"https:\/\/fiaf.net\/regioni\/lazio\/?p=4111"},"modified":"2019-06-01T23:07:57","modified_gmt":"2019-06-01T21:07:57","slug":"mostra-c-f-phothoup-maam-il-museo-abitato","status":"publish","type":"post","link":"https:\/\/fiaf.net\/lazio\/mostra-c-f-phothoup-maam-il-museo-abitato\/","title":{"rendered":"Mostra C.F. Photoup &quot;MAAM: il museo abitato&quot;"},"content":{"rendered":"<p>\u201cMAAM: il museo abitato\u201d<br \/>\nGiorni: 14,15 e 16 giugno 2019<br \/>\nLuogo: Festa per la Cultura 2019 presso la sala del Teatro della scuola primaria \u201cPrincipe di Piemonte\u201d, via Ostiense, 263c, Roma.<br \/>\nPer il terzo anno consecutivo il Circolo Fotografico PhotoUp partecipa alla Festa per la Cultura con una sua mostra fotografica. Quest\u2019anno \u00e8 la volta del \u201cMAAM: il museo abitato\u201d. Il MAAM rappresenta un\u2019esperienza unica nel suo genere; inserito nell\u2019ex stabilimento del salumificio Fiorucci all\u2019estrema periferia est di Roma \u00e8 al tempo stesso alloggio per famiglie disagiate ed esposizione in continuo divenire di murales e manufatti artistici che si devono considerare, spesso, dei veri capolavori, opera di artisti nazionali ed internazionali. Ci\u00f2 che lo rende ancora pi\u00f9 unico \u00e8 la coesistenza delle immagini fissate sulle pareti con quelle della vita quotidiana degli occupanti. I due mondi, quello della mostra d\u2019arte e quello della quotidianit\u00e0, non si ignorano n\u00e9 si scontrano ma convivono serenamente perch\u00e9 l\u2019uno si alimenta dell\u2019altro e si mostrano con distacco agli occhi del visitatore.<br \/>\nIl giorno 14 giugno 2019, alle ore 18:00, il Circolo presenter\u00e0 il progetto fotografico: \u201cMAAM: il museo abitato\u201d in forma di proiezione presso la sala teatro della scuola.<br \/>\nLa proiezione delle foto verr\u00e0 intervallata dagli interventi di alcuni degli autori delle foto.<br \/>\n<a href=\"https:\/\/fiaf.net\/regioni\/lazio\/wp-content\/uploads\/2019\/05\/MAAM_festa-per-la-cultura_Circolo-Fotografico-PhotoUp.jpg\"><img loading=\"lazy\" decoding=\"async\" src=\"https:\/\/fiaf.net\/regioni\/lazio\/wp-content\/uploads\/2019\/05\/MAAM_festa-per-la-cultura_Circolo-Fotografico-PhotoUp-212x300.jpg\" alt=\"locandina festa per la cultura\" width=\"212\" height=\"300\" class=\"alignleft size-medium wp-image-4113\" srcset=\"https:\/\/fiaf.net\/lazio\/wp-content\/uploads\/sites\/13\/2019\/05\/MAAM_festa-per-la-cultura_Circolo-Fotografico-PhotoUp-212x300.jpg 212w, https:\/\/fiaf.net\/lazio\/wp-content\/uploads\/sites\/13\/2019\/05\/MAAM_festa-per-la-cultura_Circolo-Fotografico-PhotoUp-724x1024.jpg 724w, https:\/\/fiaf.net\/lazio\/wp-content\/uploads\/sites\/13\/2019\/05\/MAAM_festa-per-la-cultura_Circolo-Fotografico-PhotoUp-768x1086.jpg 768w, https:\/\/fiaf.net\/lazio\/wp-content\/uploads\/sites\/13\/2019\/05\/MAAM_festa-per-la-cultura_Circolo-Fotografico-PhotoUp.jpg 842w\" sizes=\"auto, (max-width: 212px) 100vw, 212px\" \/><\/a><\/p>\n\n    <div class=\"xs_social_share_widget xs_share_url after_content \t\tmain_content  wslu-style-1 wslu-share-box-shaped wslu-fill-colored wslu-none wslu-share-horizontal wslu-theme-font-no wslu-main_content\">\n\n\t\t\n        <ul>\n\t\t\t        <\/ul>\n    <\/div> \n","protected":false},"excerpt":{"rendered":"<p>\u201cMAAM: il museo abitato\u201d Giorni: 14,15 e 16 giugno 2019 Luogo: Festa per la Cultura 2019 presso la sala del &hellip;<\/p>\n","protected":false},"author":1,"featured_media":4113,"comment_status":"closed","ping_status":"closed","sticky":false,"template":"","format":"standard","meta":{"_acf_changed":false,"footnotes":""},"categories":[2],"tags":[],"class_list":["post-4111","post","type-post","status-publish","format-standard","has-post-thumbnail","hentry","category-attivita-circoli"],"acf":[],"_links":{"self":[{"href":"https:\/\/fiaf.net\/lazio\/wp-json\/wp\/v2\/posts\/4111","targetHints":{"allow":["GET"]}}],"collection":[{"href":"https:\/\/fiaf.net\/lazio\/wp-json\/wp\/v2\/posts"}],"about":[{"href":"https:\/\/fiaf.net\/lazio\/wp-json\/wp\/v2\/types\/post"}],"author":[{"embeddable":true,"href":"https:\/\/fiaf.net\/lazio\/wp-json\/wp\/v2\/users\/1"}],"replies":[{"embeddable":true,"href":"https:\/\/fiaf.net\/lazio\/wp-json\/wp\/v2\/comments?post=4111"}],"version-history":[{"count":0,"href":"https:\/\/fiaf.net\/lazio\/wp-json\/wp\/v2\/posts\/4111\/revisions"}],"wp:featuredmedia":[{"embeddable":true,"href":"https:\/\/fiaf.net\/lazio\/wp-json\/wp\/v2\/media\/4113"}],"wp:attachment":[{"href":"https:\/\/fiaf.net\/lazio\/wp-json\/wp\/v2\/media?parent=4111"}],"wp:term":[{"taxonomy":"category","embeddable":true,"href":"https:\/\/fiaf.net\/lazio\/wp-json\/wp\/v2\/categories?post=4111"},{"taxonomy":"post_tag","embeddable":true,"href":"https:\/\/fiaf.net\/lazio\/wp-json\/wp\/v2\/tags?post=4111"}],"curies":[{"name":"wp","href":"https:\/\/api.w.org\/{rel}","templated":true}]}}