{"id":4203,"date":"2019-06-19T06:21:45","date_gmt":"2019-06-19T04:21:45","guid":{"rendered":"https:\/\/fiaf.net\/regioni\/lazio\/?p=4203"},"modified":"2019-06-19T06:21:45","modified_gmt":"2019-06-19T04:21:45","slug":"mostra-fotografica-il-cielo-stellato-sopra-di-noi","status":"publish","type":"post","link":"https:\/\/fiaf.net\/lazio\/mostra-fotografica-il-cielo-stellato-sopra-di-noi\/","title":{"rendered":"Mostra fotografica: &quot;Il cielo stellato sopra di noi&quot;"},"content":{"rendered":"<p>L&#8217;altro sguardo presenta, in collaborazione con lo Sprar di Itri, &#8220;Il cielo stellato sopra di noi&#8221;,<br \/>\nuna mostra fotografica dedicata all&#8217;integrazione e alla valorizzazione dell&#8217;uguaglianza.<br \/>\n<a href=\"https:\/\/www.facebook.com\/altrosguardoformia\/\" target=\"_blank\" rel=\"noopener\">L&#8217;altro sguardo Circolo Fotografico Culturale<\/a> \u00e8 infatti da sempre impegnato non solo nell&#8217;ambito fotografico ma anche in quello sociale, mostrando sensibilit\u00e0 nei confronti di tutto ci\u00f2 che riguarda i diritti dell&#8217;uomo e il rispetto del pianeta che viviamo.<br \/>\n<strong>5 Luglio 2019 &#8211; ore 20:00<br \/>\nCorte Comunale Itri (LT)<\/strong><br \/>\n<em>\u00abDue cose riempiono l\u2019animo di ammirazione e venerazione sempre nuova e crescente, quanto pi\u00f9 spesso e pi\u00f9 a lungo la riflessione si occupa di esse: il cielo stellato sopra di me e la legge morale in me.\u00bb<\/em><br \/>\nImmanuel Kant (Critica della ragion pratica)<br \/>\nDettagli in Locandina:<br \/>\n<a href=\"https:\/\/fiaf.net\/regioni\/lazio\/wp-content\/uploads\/2019\/06\/locandina_migranti.jpg\"><img loading=\"lazy\" decoding=\"async\" src=\"https:\/\/fiaf.net\/regioni\/lazio\/wp-content\/uploads\/2019\/06\/locandina_migranti-300x211.jpg\" alt=\"locandina_migranti\" width=\"300\" height=\"211\" class=\"alignleft size-medium wp-image-4204\" \/><\/a><\/p>\n\n    <div class=\"xs_social_share_widget xs_share_url after_content \t\tmain_content  wslu-style-1 wslu-share-box-shaped wslu-fill-colored wslu-none wslu-share-horizontal wslu-theme-font-no wslu-main_content\">\n\n\t\t\n        <ul>\n\t\t\t        <\/ul>\n    <\/div> \n","protected":false},"excerpt":{"rendered":"<p>L&#8217;altro sguardo presenta, in collaborazione con lo Sprar di Itri, &#8220;Il cielo stellato sopra di noi&#8221;, una mostra fotografica dedicata &hellip;<\/p>\n","protected":false},"author":1,"featured_media":4204,"comment_status":"closed","ping_status":"closed","sticky":false,"template":"","format":"standard","meta":{"_acf_changed":false,"footnotes":""},"categories":[2,8],"tags":[],"class_list":["post-4203","post","type-post","status-publish","format-standard","has-post-thumbnail","hentry","category-attivita-circoli","category-mostre"],"acf":[],"_links":{"self":[{"href":"https:\/\/fiaf.net\/lazio\/wp-json\/wp\/v2\/posts\/4203","targetHints":{"allow":["GET"]}}],"collection":[{"href":"https:\/\/fiaf.net\/lazio\/wp-json\/wp\/v2\/posts"}],"about":[{"href":"https:\/\/fiaf.net\/lazio\/wp-json\/wp\/v2\/types\/post"}],"author":[{"embeddable":true,"href":"https:\/\/fiaf.net\/lazio\/wp-json\/wp\/v2\/users\/1"}],"replies":[{"embeddable":true,"href":"https:\/\/fiaf.net\/lazio\/wp-json\/wp\/v2\/comments?post=4203"}],"version-history":[{"count":0,"href":"https:\/\/fiaf.net\/lazio\/wp-json\/wp\/v2\/posts\/4203\/revisions"}],"wp:featuredmedia":[{"embeddable":true,"href":"https:\/\/fiaf.net\/lazio\/wp-json\/wp\/v2\/media\/4204"}],"wp:attachment":[{"href":"https:\/\/fiaf.net\/lazio\/wp-json\/wp\/v2\/media?parent=4203"}],"wp:term":[{"taxonomy":"category","embeddable":true,"href":"https:\/\/fiaf.net\/lazio\/wp-json\/wp\/v2\/categories?post=4203"},{"taxonomy":"post_tag","embeddable":true,"href":"https:\/\/fiaf.net\/lazio\/wp-json\/wp\/v2\/tags?post=4203"}],"curies":[{"name":"wp","href":"https:\/\/api.w.org\/{rel}","templated":true}]}}