{"id":4276,"date":"2019-07-06T17:33:03","date_gmt":"2019-07-06T15:33:03","guid":{"rendered":"https:\/\/fiaf.net\/regioni\/lazio\/?p=4276"},"modified":"2019-07-06T17:33:03","modified_gmt":"2019-07-06T15:33:03","slug":"mostra-fotografica-us-and-them","status":"publish","type":"post","link":"https:\/\/fiaf.net\/lazio\/mostra-fotografica-us-and-them\/","title":{"rendered":"Mostra fotografica: Us and them"},"content":{"rendered":"<p style=\"text-align: center\"><span style=\"color: #ff0000\"><strong>INVITO PER LA STAMPA &#8211; Marted\u00ec 9 luglio ore 10<\/strong><\/span><br \/>\nSala del Cenacolo \u2013 Complesso di Palazzo Valdina, Piazza in Campo Marzio 42 &#8211; Roma<\/p>\n<p><strong>Us and them<\/strong> \u00e8 un racconto fotografico, composto da quaranta scatti, che ha come protagonista l\u2019umanit\u00e0 che vive nel sud del mondo.<br \/>\nDal Kenya al Bangladesh passando per la Turchia e il sud America; un intreccio di storie e volti restituiti con profondit\u00e0 e precisione dallo sguardo di Gianluca Uda.<br \/>\nIl clima \u00e8 uno dei protagonisti di questa narrazione, cos\u00ec come la recente crisi economica mondiale che ha dato luogo a grandi disparit\u00e0 e generato profonde ingiustizie sociali. Due fenomeni, questi, fortemente legati fra loro, che in realt\u00e0 sono due facce della stessa medaglia e stanno segnando in maniera indelebile il secolo che viviamo.<br \/>\nIn un\u2019epoca nella quale siamo tutti pi\u00f9 interconnessi la vera sfida \u00e8 dunque organizzarsi per affrontare insieme battaglie centrali come quella per la sostenibilit\u00e0 ambientale, il rispetto dei diritti dell\u2019uomo e l\u2019organizzazione di un sistema economico pi\u00f9 giusto ed equo, che ponga al centro la persona e non il profitto. Questi scatti vogliono essere un pungolo, un\u2019occasione di riflessione e uno stimolo all\u2019azione perch\u00e9, come ci ammoniva il filosofo epicureo Filodemo di Gadara \u201cdobbiamo salvarci l\u2019un l\u2019altro\u201d.<br \/>\nInterverranno:<br \/>\n<strong>Marta GRANDE<\/strong>, presidente Commissione Esteri<br \/>\n<strong>Mirella EMILIOZZI<\/strong>, deputata<br \/>\n<strong>Rino MARINELLO<\/strong>, senatore<br \/>\n<strong>Enrico MARIUTTI<\/strong>, Vicepresidente IsAG<br \/>\n<strong>Gianluca UDA<\/strong>, autore delle foto<br \/>\nLa mostra si aprir\u00e0 marted\u00ec 9 luglio e durer\u00e0 sino a venerd\u00ec 19 luglio.<br \/>\nHanno sostenuto la realizzazione dell&#8217;evento: WJ Witness Journal, Rotary Club Roma Polis, L\u2019Istituto di Alti Studi in Geopolitica e Scienze Ausiliarie (IsAG) e SMATE.<br \/>\nPer accreditarsi scrivere entro domenica 7 luglio a: <a href=\"mailto:emiliozzi_m@camera.it\" target=\"_blank\" rel=\"noopener\">emiliozzi_m@camera.it<\/a> specificando nome, cognome e data di nascita. Per gli uomini \u00e8 obbligatorio l&#8217;uso della giacca.<br \/>\nGianluca Uda nasce a Roma nel 1982, scopre la fotografia da bambino con l&#8217;aiuto del padre. Per molti anni ha lavorato con associazioni umanitarie e sociali, occupandosi di diritti umani e progetti di sviluppo. Ha vissuto in diversi paesi, tra cui il Bangladesh, il Kenya, l&#8217;Ecuador e lo Sri Lanka. Attualmente vive in Brasile.<br \/>\nNel 2013 ha partecipato al festival della fotografia etica di Lodi, con il progetto Lamiere da cui verr\u00e0 tratto un libro mentre nel 2019 \u00e8 stato tra i vincitori del premio &#8220;Closer&#8221; promosso dal Witness Journal. La fotografia \u00e8 per lui uno strumento di denuncia sociale attraverso il quale risvegliare le coscienze.<br \/>\nSilvia De Marchi<br \/>\nph. +39 339 5 77 77 00<br \/>\n<a href=\"https:\/\/www.linkedin.com\/profile\/view?id=AAIAAAYmFwEBtXc59kaLEPrZBDChqRkTZhdeC3A&amp;trk=nav_responsive_tab_profile\" target=\"_blank\" rel=\"noopener\">Profilo LinkedIn<\/a><br \/>\nTwitter: <a href=\"\/\/\" target=\"_blank\" rel=\"noopener\">@silviade_marchi<\/a><br \/>\n______________________<br \/>\nQui la locandina:<br \/>\n<a href=\"https:\/\/fiaf.net\/regioni\/lazio\/wp-content\/uploads\/2019\/07\/WhatsApp-Image-2019-07-02-at-10.21.50.jpeg\"><img loading=\"lazy\" decoding=\"async\" class=\"alignleft size-medium wp-image-4277\" alt=\"WhatsApp Image 2019-07-02 at 10.21.50\" src=\"https:\/\/fiaf.net\/regioni\/lazio\/wp-content\/uploads\/2019\/07\/WhatsApp-Image-2019-07-02-at-10.21.50-200x300.jpeg\" width=\"200\" height=\"300\" srcset=\"https:\/\/fiaf.net\/lazio\/wp-content\/uploads\/sites\/13\/2019\/07\/WhatsApp-Image-2019-07-02-at-10.21.50-200x300.jpeg 200w, https:\/\/fiaf.net\/lazio\/wp-content\/uploads\/sites\/13\/2019\/07\/WhatsApp-Image-2019-07-02-at-10.21.50.jpeg 683w\" sizes=\"auto, (max-width: 200px) 100vw, 200px\" \/><\/a><\/p>\n\n    <div class=\"xs_social_share_widget xs_share_url after_content \t\tmain_content  wslu-style-1 wslu-share-box-shaped wslu-fill-colored wslu-none wslu-share-horizontal wslu-theme-font-no wslu-main_content\">\n\n\t\t\n        <ul>\n\t\t\t        <\/ul>\n    <\/div> \n","protected":false},"excerpt":{"rendered":"<p>INVITO PER LA STAMPA &#8211; Marted\u00ec 9 luglio ore 10 Sala del Cenacolo \u2013 Complesso di Palazzo Valdina, Piazza in &hellip;<\/p>\n","protected":false},"author":1,"featured_media":4277,"comment_status":"closed","ping_status":"closed","sticky":false,"template":"","format":"standard","meta":{"_acf_changed":false,"footnotes":""},"categories":[8],"tags":[],"class_list":["post-4276","post","type-post","status-publish","format-standard","has-post-thumbnail","hentry","category-mostre"],"acf":[],"_links":{"self":[{"href":"https:\/\/fiaf.net\/lazio\/wp-json\/wp\/v2\/posts\/4276","targetHints":{"allow":["GET"]}}],"collection":[{"href":"https:\/\/fiaf.net\/lazio\/wp-json\/wp\/v2\/posts"}],"about":[{"href":"https:\/\/fiaf.net\/lazio\/wp-json\/wp\/v2\/types\/post"}],"author":[{"embeddable":true,"href":"https:\/\/fiaf.net\/lazio\/wp-json\/wp\/v2\/users\/1"}],"replies":[{"embeddable":true,"href":"https:\/\/fiaf.net\/lazio\/wp-json\/wp\/v2\/comments?post=4276"}],"version-history":[{"count":0,"href":"https:\/\/fiaf.net\/lazio\/wp-json\/wp\/v2\/posts\/4276\/revisions"}],"wp:featuredmedia":[{"embeddable":true,"href":"https:\/\/fiaf.net\/lazio\/wp-json\/wp\/v2\/media\/4277"}],"wp:attachment":[{"href":"https:\/\/fiaf.net\/lazio\/wp-json\/wp\/v2\/media?parent=4276"}],"wp:term":[{"taxonomy":"category","embeddable":true,"href":"https:\/\/fiaf.net\/lazio\/wp-json\/wp\/v2\/categories?post=4276"},{"taxonomy":"post_tag","embeddable":true,"href":"https:\/\/fiaf.net\/lazio\/wp-json\/wp\/v2\/tags?post=4276"}],"curies":[{"name":"wp","href":"https:\/\/api.w.org\/{rel}","templated":true}]}}