{"id":4299,"date":"2019-07-10T22:03:37","date_gmt":"2019-07-10T20:03:37","guid":{"rendered":"https:\/\/fiaf.net\/regioni\/lazio\/?p=4299"},"modified":"2019-07-10T22:03:37","modified_gmt":"2019-07-10T20:03:37","slug":"workshop-di-fotografia-dedicato-al-paesaggio","status":"publish","type":"post","link":"https:\/\/fiaf.net\/lazio\/workshop-di-fotografia-dedicato-al-paesaggio\/","title":{"rendered":"Workshop di Fotografia dedicato al PAESAGGIO"},"content":{"rendered":"<p><a href=\"https:\/\/www.facebook.com\/altrosguardoformia\/\" target=\"_blank\" rel=\"noopener\">L&#8217;altro sguardo Circolo Fotografico Culturale<\/a> organizza un workshop di Fotografia dedicato al PAESAGGIO.<br \/>\nI fotografi Andrea Martella e Salvatore Caruso disporranno lezioni teoriche e pratiche riguardo il paesaggio, soprattutto quello notturno. I due giovani professionisti sono titolari dell&#8217;agenzia fotografica Black Alpaca di Roma. Prediligono il reportage di viaggio e la fotografia paesaggistica.<br \/>\nPROGRAMMA<br \/>\n26 LUGLIO 2019:<br \/>\nCi incontreremo al Rifugio Pornito nei pressi del Monte Redentore a Formia (LT) alle ore 18:00. Si comincer\u00e0 subito con la lezione teorica. Dopo cena seguir\u00e0 una lezione pratica sul paesaggio di notte, si potr\u00e0 fotografare fino a notte inoltrata. Successivamente si potr\u00e0 sostare presso il luogo degli scatti.<br \/>\n27 LUGLIO 2019:<br \/>\nsi aspetter\u00e0 insieme l&#8217;alba e si continuer\u00e0 a fotografare fino a che la luce lo permetter\u00e0, dopodich\u00e9 il gruppo si scioglier\u00e0.<br \/>\n28 LUGLIO 2019:<br \/>\nAlle ore 9:30 ci si incontrer\u00e0 nuovamente (luogo da definirsi) per la letture delle immagini. Si parler\u00e0 degli scatti realizzati e ascolteranno le indicazioni di Andrea e Salvatore riguardo la post-produzione.<br \/>\nPer informazioni e prenotazioni chiamare <a href=\"https:\/\/www.facebook.com\/antonella.d.schinohttp:\/\/\" target=\"_blank\" rel=\"noopener\">Antonella <\/a>al numero 3290167668.<br \/>\nAffrettatevi! POSTI LIMITATI<br \/>\nlink utili per seguire i fotografi:<br \/>\n<a href=\"http:\/\/www.fb.com\/questforthenorth\" target=\"_blank\" rel=\"noopener\">http:\/\/www.fb.com\/questforthenorth<\/a><br \/>\n<a href=\"http:\/\/www.andreamartellaphotography.com\/\" target=\"_blank\" rel=\"noopener\">http:\/\/www.andreamartellaphotography.com\/<\/a><br \/>\n<a href=\"http:\/\/www.instagram.com\/blackalpacaph\" target=\"_blank\" rel=\"noopener\">http:\/\/www.instagram.com\/blackalpacaph<\/a><br \/>\nQui la locandina:<br \/>\n<a href=\"https:\/\/fiaf.net\/regioni\/lazio\/wp-content\/uploads\/2019\/07\/locandina_workshop_paesaggio.jpg\"><img loading=\"lazy\" decoding=\"async\" src=\"https:\/\/fiaf.net\/regioni\/lazio\/wp-content\/uploads\/2019\/07\/locandina_workshop_paesaggio-300x215.jpg\" alt=\"locandina_workshop_paesaggio\" width=\"300\" height=\"215\" class=\"alignleft size-medium wp-image-4300\" \/><\/a><\/p>\n\n    <div class=\"xs_social_share_widget xs_share_url after_content \t\tmain_content  wslu-style-1 wslu-share-box-shaped wslu-fill-colored wslu-none wslu-share-horizontal wslu-theme-font-no wslu-main_content\">\n\n\t\t\n        <ul>\n\t\t\t        <\/ul>\n    <\/div> \n","protected":false},"excerpt":{"rendered":"<p>L&#8217;altro sguardo Circolo Fotografico Culturale organizza un workshop di Fotografia dedicato al PAESAGGIO. I fotografi Andrea Martella e Salvatore Caruso &hellip;<\/p>\n","protected":false},"author":1,"featured_media":4300,"comment_status":"closed","ping_status":"closed","sticky":false,"template":"","format":"standard","meta":{"_acf_changed":false,"footnotes":""},"categories":[2],"tags":[],"class_list":["post-4299","post","type-post","status-publish","format-standard","has-post-thumbnail","hentry","category-attivita-circoli"],"acf":[],"_links":{"self":[{"href":"https:\/\/fiaf.net\/lazio\/wp-json\/wp\/v2\/posts\/4299","targetHints":{"allow":["GET"]}}],"collection":[{"href":"https:\/\/fiaf.net\/lazio\/wp-json\/wp\/v2\/posts"}],"about":[{"href":"https:\/\/fiaf.net\/lazio\/wp-json\/wp\/v2\/types\/post"}],"author":[{"embeddable":true,"href":"https:\/\/fiaf.net\/lazio\/wp-json\/wp\/v2\/users\/1"}],"replies":[{"embeddable":true,"href":"https:\/\/fiaf.net\/lazio\/wp-json\/wp\/v2\/comments?post=4299"}],"version-history":[{"count":0,"href":"https:\/\/fiaf.net\/lazio\/wp-json\/wp\/v2\/posts\/4299\/revisions"}],"wp:featuredmedia":[{"embeddable":true,"href":"https:\/\/fiaf.net\/lazio\/wp-json\/wp\/v2\/media\/4300"}],"wp:attachment":[{"href":"https:\/\/fiaf.net\/lazio\/wp-json\/wp\/v2\/media?parent=4299"}],"wp:term":[{"taxonomy":"category","embeddable":true,"href":"https:\/\/fiaf.net\/lazio\/wp-json\/wp\/v2\/categories?post=4299"},{"taxonomy":"post_tag","embeddable":true,"href":"https:\/\/fiaf.net\/lazio\/wp-json\/wp\/v2\/tags?post=4299"}],"curies":[{"name":"wp","href":"https:\/\/api.w.org\/{rel}","templated":true}]}}