{"id":5974,"date":"2021-10-10T18:15:58","date_gmt":"2021-10-10T16:15:58","guid":{"rendered":"https:\/\/fiaf.net\/regioni\/lazio\/?p=5974"},"modified":"2021-10-27T12:53:18","modified_gmt":"2021-10-27T10:53:18","slug":"mostra-assonanze-sguardi-sulla-citta-contemporanea","status":"publish","type":"post","link":"https:\/\/fiaf.net\/lazio\/mostra-assonanze-sguardi-sulla-citta-contemporanea\/","title":{"rendered":"Mostra ASSONANZE &#8211; sguardi sulla citt\u00e0 contemporanea"},"content":{"rendered":"<p><a href=\"https:\/\/fiaf.net\/lazio\/wp-content\/uploads\/sites\/13\/2021\/10\/20211014-1113-Roma-Assonanze-Carlo-d-Orta-Maurizio-Schachter-Conte-locandina.jpg\"><img loading=\"lazy\" decoding=\"async\" class=\"size-large wp-image-5975 aligncenter\" alt=\"20211014 1113 Roma Assonanze Carlo d Orta Maurizio Schachter Conte locandina\" src=\"https:\/\/fiaf.net\/lazio\/wp-content\/uploads\/sites\/13\/2021\/10\/20211014-1113-Roma-Assonanze-Carlo-d-Orta-Maurizio-Schachter-Conte-locandina.jpg\" width=\"565\" height=\"799\" srcset=\"https:\/\/fiaf.net\/lazio\/wp-content\/uploads\/sites\/13\/2021\/10\/20211014-1113-Roma-Assonanze-Carlo-d-Orta-Maurizio-Schachter-Conte-locandina.jpg 1131w, https:\/\/fiaf.net\/lazio\/wp-content\/uploads\/sites\/13\/2021\/10\/20211014-1113-Roma-Assonanze-Carlo-d-Orta-Maurizio-Schachter-Conte-locandina-212x300.jpg 212w, https:\/\/fiaf.net\/lazio\/wp-content\/uploads\/sites\/13\/2021\/10\/20211014-1113-Roma-Assonanze-Carlo-d-Orta-Maurizio-Schachter-Conte-locandina-724x1024.jpg 724w, https:\/\/fiaf.net\/lazio\/wp-content\/uploads\/sites\/13\/2021\/10\/20211014-1113-Roma-Assonanze-Carlo-d-Orta-Maurizio-Schachter-Conte-locandina-768x1086.jpg 768w, https:\/\/fiaf.net\/lazio\/wp-content\/uploads\/sites\/13\/2021\/10\/20211014-1113-Roma-Assonanze-Carlo-d-Orta-Maurizio-Schachter-Conte-locandina-1086x1536.jpg 1086w\" sizes=\"auto, (max-width: 565px) 100vw, 565px\" \/><\/a><br \/>\n&nbsp;<\/p>\n<p style=\"text-align: center\"><b>ASSONANZE<i>\u00a0&#8211; sguardi sulla citt\u00e0 contemporanea<br \/>\n<\/i><\/b><b>Carlo D\u2019Orta &amp; Maurizio Sch\u00e4chter Conte<\/b><\/p>\n<p style=\"text-align: center\">Carlo D&#8217;Orta Artstudio &#8211; Piazza Crati, 14 &#8211; Roma<br \/>\ndal 14 ottobre al 13 novembr e2021<br \/>\ninaugurazione 14 ottobre ore 17:00<br \/>\nMostra con Riconoscimento FIAF R09\/2021<\/p>\n<p>Tre livelli di corrispondenze uniscono i lavori fotografici presentati in questa occasione.<br \/>\n<em>Il primo<\/em> \u00e8 determinato dal paesaggio che fa da sfondo comune alle due ricerche artistiche, la citt\u00e0 contemporanea che si mostra attraverso le sue parti scintillanti e autoreferenziali e i suoi contrasti visivi e di luce. <em>Il secondo<\/em> \u00e8 rappresentato dalle singole architetture colte nelle potenzialit\u00e0 espressive che si svelano allo sguardo sensibile, talvolta incapaci di mostrare s\u00e9 stesse se non attraverso il rispecchiamento dell\u2019altro da s\u00e9, talaltra mediante contrasti determinati dalle differenti regole compositive e spaziali esaltate dal contrasto di luce e ombra. <em>Il terzo<\/em> livello di corrispondenza \u00e8 alfine rappresentato dal comune filtro culturale che utilizza lo sguardo attraversando il mondo dell\u2019apparente reale per catturare l\u2019esistenza della sua astrazione.<br \/>\nQuesti mondi comuni generano similitudini armoniche di colori e forme proprie dell\u2019assonanza, ma le ricerche personali si spingono oltre gli accordi che si dipanano lungo binari paralleli, liberando ben presto le differenze e per lo pi\u00f9 approfondendo quegli iniziali sottili margini che dividono la similitudine dalla coincidenza.<br \/>\nIl risultato \u00e8 l&#8217;intrigante confronto tra linguaggi che amplificano le possibilit\u00e0 di visione del mondo che \u00e8 dinanzi ai nostri occhi.<\/p>\n\n    <div class=\"xs_social_share_widget xs_share_url after_content \t\tmain_content  wslu-style-1 wslu-share-box-shaped wslu-fill-colored wslu-none wslu-share-horizontal wslu-theme-font-no wslu-main_content\">\n\n\t\t\n        <ul>\n\t\t\t        <\/ul>\n    <\/div> \n","protected":false},"excerpt":{"rendered":"<p>&nbsp; ASSONANZE\u00a0&#8211; sguardi sulla citt\u00e0 contemporanea Carlo D\u2019Orta &amp; Maurizio Sch\u00e4chter Conte Carlo D&#8217;Orta Artstudio &#8211; Piazza Crati, 14 &#8211; &hellip;<\/p>\n","protected":false},"author":3,"featured_media":5975,"comment_status":"closed","ping_status":"closed","sticky":false,"template":"","format":"standard","meta":{"_acf_changed":false,"footnotes":""},"categories":[8],"tags":[],"class_list":["post-5974","post","type-post","status-publish","format-standard","has-post-thumbnail","hentry","category-mostre"],"acf":[],"_links":{"self":[{"href":"https:\/\/fiaf.net\/lazio\/wp-json\/wp\/v2\/posts\/5974","targetHints":{"allow":["GET"]}}],"collection":[{"href":"https:\/\/fiaf.net\/lazio\/wp-json\/wp\/v2\/posts"}],"about":[{"href":"https:\/\/fiaf.net\/lazio\/wp-json\/wp\/v2\/types\/post"}],"author":[{"embeddable":true,"href":"https:\/\/fiaf.net\/lazio\/wp-json\/wp\/v2\/users\/3"}],"replies":[{"embeddable":true,"href":"https:\/\/fiaf.net\/lazio\/wp-json\/wp\/v2\/comments?post=5974"}],"version-history":[{"count":1,"href":"https:\/\/fiaf.net\/lazio\/wp-json\/wp\/v2\/posts\/5974\/revisions"}],"predecessor-version":[{"id":6036,"href":"https:\/\/fiaf.net\/lazio\/wp-json\/wp\/v2\/posts\/5974\/revisions\/6036"}],"wp:featuredmedia":[{"embeddable":true,"href":"https:\/\/fiaf.net\/lazio\/wp-json\/wp\/v2\/media\/5975"}],"wp:attachment":[{"href":"https:\/\/fiaf.net\/lazio\/wp-json\/wp\/v2\/media?parent=5974"}],"wp:term":[{"taxonomy":"category","embeddable":true,"href":"https:\/\/fiaf.net\/lazio\/wp-json\/wp\/v2\/categories?post=5974"},{"taxonomy":"post_tag","embeddable":true,"href":"https:\/\/fiaf.net\/lazio\/wp-json\/wp\/v2\/tags?post=5974"}],"curies":[{"name":"wp","href":"https:\/\/api.w.org\/{rel}","templated":true}]}}