{"id":6023,"date":"2021-07-08T17:56:11","date_gmt":"2021-07-08T15:56:11","guid":{"rendered":"https:\/\/fiaf.net\/regioni\/lazio\/?p=5835"},"modified":"2021-07-08T17:56:11","modified_gmt":"2021-07-08T15:56:11","slug":"evento-photofestival-di-soriano-nel-cimino","status":"publish","type":"post","link":"https:\/\/fiaf.net\/lazio\/evento-photofestival-di-soriano-nel-cimino\/","title":{"rendered":"Evento Photofestival di Soriano nel Cimino"},"content":{"rendered":"<p>&nbsp;<br \/>\n\u201cRISCOPRIRE IL TERRITORIO, ATTRAVERSO LA FOTOGRAFIA\u201d. UNO DEI MOTIVI DEL SUCCESSO DI SORIANOIMMAGINE.<br \/>\n<i>LA BIENNALE DI FOTOGRAFIA E ARCHEOLOGIA CONTINUA CON UN RICCO PROGRAMMA DI INCONTRI.<\/i><br \/>\n<strong>\u00a0Appuntamento Sabato 10 Luglio 2021 &#8211; ore 17:00 &#8211; Palazzo Chigi, Soriano del Cimino : &#8220;La fotografia oggi&#8221; a cura della FIAF<br \/>\n<\/strong><br \/>\nLo scorso weekend si \u00e8 inaugurata con buona partecipazione di pubblico la manifestazione \u201cSorianoImmagine\u201d, alla presenza del sindaco e dell\u2019assessore alla cultura di Soriano. Molti i fotografi, gli appassionati di arte intervenuti sabato 3 luglio al vernissage con gli autori espositori. Le 39 mostre non solo promuovono la fotografia, la relazione di essa con l\u2019archeologia, il FoTotempismo (centrale al PhotoFestival) ma allo stesso tempo permettono di fruire delle bellezze della citt\u00e0 che le ospita. Come sottolineato dallo stesso sindaco Fabio Menicacci: \u201cRiscoprire il territorio, attraverso la fotografia\u201d. Piacevole passeggiare tra i vicoli, le piazze, i palazzi, di Soriano al Cimino alla scoperta delle mostre diffuse in ben 9 location, in luoghi anche insoliti, come accade per l\u2019installazione presente presso la Baita alla Faggeta. Grazie al Festival ci si riappropria del tempo della visione, non pi\u00f9 frettolosa, ma piena. Il tempo di scambiare opinioni, impressioni tra fotografi, amici ritrovati, ma anche appena conosciuti. Perch\u00e9 la passione per la fotografia unisce, ed \u00e8 un linguaggio comprensibile a tutti. \u201cL\u2019artista, il fotografo sono coloro che analizzano la visione del mondo, l\u2019immagine del mondo e la concezione del mondo\u201d &#8211; ha voluto sottolineare Francesca Pandimiglio, attingendo dall\u2019Archeologia, affiancando Trifolelli ed Ascoli, ideatori del Festival, nell\u2019accurata presentazione delle mostre e degli autori. \u201cDalla visione all\u2019immagine, all\u2019analisi, al concepirla, quindi, individualmente con i propri requisiti.\u201d Domenica \u00e8 stata la volta, invece, dei primi incontri. A Palazzo Chigi si \u00e8 parlato di \u201cPhotosophia\u201d, rivista di fotografia insieme al suo direttore Silvio Mencarelli, e con Gianni Amedeo ed Elisabetta Tufarelli. Nelle sale del Comune, invece, si sono inaugurate le conferenze legate all\u2019Archeologia. La prossima vedr\u00e0 il pomeriggio di sabato 10 luglio Giovanna Ottavianelli affrontare l\u2019iconografia de \u201cL\u2019Aiace suicida\u201d.<br \/>\nLa FIAF (Federazione Italiana Associazioni fotografiche), in mostra a SorianoImmagine con alcuni soci, terr\u00e0, invece, sempre sabato alle ore 17.00 presso Palazzo Chigi, un interessante intervento sulla Fotografia Contemporanea, e sul crescente sguardo di quella femminile, anche all\u2019interno della Federazione stessa. Ci piace ricordare che sono ben 16 le fotografe, artiste presenti a questa terza edizione di SorianoImmagine.Ma c\u2019\u00e8 davvero una diversa sensibilit\u00e0 nel fotografare tra uomo e donna? Il dibattito si preannuncia interessante. Sar\u00e0 anche l\u2019occasione per il consigliere nazionale Lucio Governa e il delegato regionale Mariano Fanini di raccontarci delle tante attivit\u00e0 realizzate nell\u2019ultimo anno dai volontari della Federazione e dell\u2019ultima pubblicazione curata da FIAF Lazio. La monografia, fresca di stampa, \u00e8 un racconto corale sulla nostra regione, attraverso le fotografie selezionate negli ultimi sei Trofei \u201cPacifico Spadoni\u201d.<br \/>\nE\u2019 finalmente tornato il momento di rivederci. Di vivere la fotografia, grazie a Festival come \u00a0\u201cSorianoImmagine\u201d.<br \/>\n&nbsp;<br \/>\nProgramma completo<br \/>\n<a href=\"https:\/\/www.enzotrifolelli.com\/centroimmagine\" target=\"_blank\" rel=\"noopener\">https:\/\/www.enzotrifolelli.com\/centroimmagine<\/a><br \/>\nInfo scrivere a: <a href=\"mailto:centroimmagineinfo@gmail.com\">centroimmagineinfo@gmail.com<\/a><br \/>\n(Debora Valentini, Dip. Social della FIAF)<br \/>\n<a href=\"https:\/\/fiaf.net\/lazio\/wp-content\/uploads\/sites\/13\/2021\/07\/IMG_4060.jpg\"><img loading=\"lazy\" decoding=\"async\" class=\"alignleft size-medium wp-image-5837\" alt=\"IMG_4060\" src=\"https:\/\/fiaf.net\/lazio\/wp-content\/uploads\/sites\/13\/2021\/07\/IMG_4060-300x141.jpg\" width=\"300\" height=\"141\" \/><\/a><br \/>\n<a href=\"https:\/\/fiaf.net\/lazio\/wp-content\/uploads\/sites\/13\/2021\/07\/IMG_4062.jpg\"><img loading=\"lazy\" decoding=\"async\" class=\"alignleft size-medium wp-image-5838\" alt=\"IMG_4062\" src=\"https:\/\/fiaf.net\/lazio\/wp-content\/uploads\/sites\/13\/2021\/07\/IMG_4062-300x300.jpg\" width=\"300\" height=\"300\" \/><\/a><br \/>\n&nbsp;<\/p>\n\n    <div class=\"xs_social_share_widget xs_share_url after_content \t\tmain_content  wslu-style-1 wslu-share-box-shaped wslu-fill-colored wslu-none wslu-share-horizontal wslu-theme-font-no wslu-main_content\">\n\n\t\t\n        <ul>\n\t\t\t        <\/ul>\n    <\/div> \n","protected":false},"excerpt":{"rendered":"<p>&nbsp; \u201cRISCOPRIRE IL TERRITORIO, ATTRAVERSO LA FOTOGRAFIA\u201d. UNO DEI MOTIVI DEL SUCCESSO DI SORIANOIMMAGINE. LA BIENNALE DI FOTOGRAFIA E ARCHEOLOGIA &hellip;<\/p>\n","protected":false},"author":20,"featured_media":5962,"comment_status":"closed","ping_status":"closed","sticky":false,"template":"","format":"standard","meta":{"_acf_changed":false,"footnotes":""},"categories":[2],"tags":[],"class_list":["post-6023","post","type-post","status-publish","format-standard","has-post-thumbnail","hentry","category-attivita-circoli"],"acf":[],"_links":{"self":[{"href":"https:\/\/fiaf.net\/lazio\/wp-json\/wp\/v2\/posts\/6023","targetHints":{"allow":["GET"]}}],"collection":[{"href":"https:\/\/fiaf.net\/lazio\/wp-json\/wp\/v2\/posts"}],"about":[{"href":"https:\/\/fiaf.net\/lazio\/wp-json\/wp\/v2\/types\/post"}],"author":[{"embeddable":true,"href":"https:\/\/fiaf.net\/lazio\/wp-json\/wp\/v2\/users\/20"}],"replies":[{"embeddable":true,"href":"https:\/\/fiaf.net\/lazio\/wp-json\/wp\/v2\/comments?post=6023"}],"version-history":[{"count":0,"href":"https:\/\/fiaf.net\/lazio\/wp-json\/wp\/v2\/posts\/6023\/revisions"}],"wp:featuredmedia":[{"embeddable":true,"href":"https:\/\/fiaf.net\/lazio\/wp-json\/wp\/v2\/media\/5962"}],"wp:attachment":[{"href":"https:\/\/fiaf.net\/lazio\/wp-json\/wp\/v2\/media?parent=6023"}],"wp:term":[{"taxonomy":"category","embeddable":true,"href":"https:\/\/fiaf.net\/lazio\/wp-json\/wp\/v2\/categories?post=6023"},{"taxonomy":"post_tag","embeddable":true,"href":"https:\/\/fiaf.net\/lazio\/wp-json\/wp\/v2\/tags?post=6023"}],"curies":[{"name":"wp","href":"https:\/\/api.w.org\/{rel}","templated":true}]}}