{"id":8190,"date":"2024-09-14T06:58:27","date_gmt":"2024-09-14T04:58:27","guid":{"rendered":"https:\/\/fiaf.net\/lazio\/?p=8190"},"modified":"2024-09-15T13:46:37","modified_gmt":"2024-09-15T11:46:37","slug":"piu-fotografiaf-lazio-2024","status":"publish","type":"post","link":"https:\/\/fiaf.net\/lazio\/piu-fotografiaf-lazio-2024\/","title":{"rendered":"Pi\u00f9 FotograFIAF Lazio 2024"},"content":{"rendered":"<p>Anche quest\u2019anno con la mostra delle immagini partecipanti al concorso fotografico nazionale a premi \u201cUNA CARTOLINA, RICORDO DA\u2026 \u2013 IMMAGINI DAL MONDO\u201d, organizzato da Dino\u2019s Photo e dal Circolo Fotografico Aperture, con il patrocinio del comune di Genazzano (RM), si \u00e8 aperta la possibilit\u00e0 di esporre pi\u00f9 mostre fotografiche nel suggestivo spazio del castello Colonna a Genazzano (RM).<\/p>\n<p>Oltre a quella del concorso quindi sono altre 7 le mostre esposte: collettive di circoli fotografici o mostre personali di autori diversi. Un evento da non perdere!<\/p>\n<blockquote><p>Calendario mostre:<br \/>\nda sabato 21\/09 2024 a domenica 06\/10\/2024<br \/>\nOrari di apertura<br \/>\nsabato, domenica 09:30-13:00 15:30-19:30<br \/>\nda luned\u00ec al venerdi 16:00-18:30<br \/>\nIngresso gratuito<br \/>\nCastello Colonna<br \/>\nGenazzano (RM)<\/p><\/blockquote>\n<p>In esposizione:<br \/>\n1. Tutti i artecipanti al concorso: Una cartolina Ricordo da &#8230; &#8211; Immagini dal mondo<br \/>\n&#8211;&gt; inaugurazione sabato 21\/09\/2024 ore 16:30<br \/>\n&#8211;&gt; premiazione domenica 22\/09\/2024 ore 12:00<\/p>\n<p>2. Gruppo Fotografico Luceradente &#8211; BFI &#8211; Tutto il verde della citt\u00e0<\/p>\n<p>3. Nicola Sacco &#8211; Montecassino 12 maggio 1944<\/p>\n<p>4. Circolo Fotografico Fuorifuoco &#8211; Tivoli e valle dell&#8217;Aniene &#8211; &#8220;Foto in libert\u00e0&#8221;<\/p>\n<p>5. Mostra Intercircoli FIAF Lazio Trofeo Pacifico Spadoni 2024 sezione foto singole<\/p>\n<p>6. Tanzi Nello: Cartoline da Genazzano<\/p>\n<p>7. Arnaldo Camilloni e Raffaele Luca &#8221; Attimi di Natura &#8221;<\/p>\n<p>8. Gianmario Pistelli &#8211; Inseguendo le distanze<\/p>\n<p>Clicca sulla anteprima le informazioni utili:<br \/>\n<a href=\"https:\/\/fiaf.net\/lazio\/wp-content\/uploads\/sites\/13\/2024\/09\/Brochure_PS-scaled.jpg\" target=\"_blank\" rel=\"noopener\"><img loading=\"lazy\" decoding=\"async\" src=\"https:\/\/fiaf.net\/lazio\/wp-content\/uploads\/sites\/13\/2024\/09\/Brochure_PS-300x200.jpg\" alt=\"\" width=\"300\" height=\"200\" class=\"alignnone size-medium wp-image-8204\" srcset=\"https:\/\/fiaf.net\/lazio\/wp-content\/uploads\/sites\/13\/2024\/09\/Brochure_PS-300x200.jpg 300w, https:\/\/fiaf.net\/lazio\/wp-content\/uploads\/sites\/13\/2024\/09\/Brochure_PS-1024x683.jpg 1024w, https:\/\/fiaf.net\/lazio\/wp-content\/uploads\/sites\/13\/2024\/09\/Brochure_PS-768x512.jpg 768w, https:\/\/fiaf.net\/lazio\/wp-content\/uploads\/sites\/13\/2024\/09\/Brochure_PS-1536x1024.jpg 1536w, https:\/\/fiaf.net\/lazio\/wp-content\/uploads\/sites\/13\/2024\/09\/Brochure_PS-2048x1365.jpg 2048w\" sizes=\"auto, (max-width: 300px) 100vw, 300px\" \/><\/a><\/p>\n<p>Clicca sull&#8217;anteprima per le info sulla mostra &#8220;TUtto il verde della citt\u00e0:<br \/>\n<a href=\"https:\/\/fiaf.net\/lazio\/wp-content\/uploads\/sites\/13\/2024\/09\/Descrizione-Mostra_rsz.jpg\" target=\"_blank\" rel=\"noopener\"><img loading=\"lazy\" decoding=\"async\" src=\"https:\/\/fiaf.net\/lazio\/wp-content\/uploads\/sites\/13\/2024\/09\/Descrizione-Mostra_rsz-300x200.jpg\" alt=\"\" width=\"300\" height=\"200\" class=\"alignnone size-medium wp-image-8206\" srcset=\"https:\/\/fiaf.net\/lazio\/wp-content\/uploads\/sites\/13\/2024\/09\/Descrizione-Mostra_rsz-300x200.jpg 300w, https:\/\/fiaf.net\/lazio\/wp-content\/uploads\/sites\/13\/2024\/09\/Descrizione-Mostra_rsz-1024x682.jpg 1024w, https:\/\/fiaf.net\/lazio\/wp-content\/uploads\/sites\/13\/2024\/09\/Descrizione-Mostra_rsz-768x511.jpg 768w, https:\/\/fiaf.net\/lazio\/wp-content\/uploads\/sites\/13\/2024\/09\/Descrizione-Mostra_rsz-1536x1022.jpg 1536w, https:\/\/fiaf.net\/lazio\/wp-content\/uploads\/sites\/13\/2024\/09\/Descrizione-Mostra_rsz.jpg 1923w\" sizes=\"auto, (max-width: 300px) 100vw, 300px\" \/><\/a><\/p>\n\n    <div class=\"xs_social_share_widget xs_share_url after_content \t\tmain_content  wslu-style-1 wslu-share-box-shaped wslu-fill-colored wslu-none wslu-share-horizontal wslu-theme-font-no wslu-main_content\">\n\n\t\t\n        <ul>\n\t\t\t        <\/ul>\n    <\/div> \n","protected":false},"excerpt":{"rendered":"<p>Anche quest\u2019anno con la mostra delle immagini partecipanti al concorso fotografico nazionale a premi \u201cUNA CARTOLINA, RICORDO DA\u2026 \u2013 IMMAGINI &hellip;<\/p>\n","protected":false},"author":20,"featured_media":8203,"comment_status":"closed","ping_status":"closed","sticky":false,"template":"","format":"standard","meta":{"_acf_changed":false,"footnotes":""},"categories":[2,4,8],"tags":[],"class_list":["post-8190","post","type-post","status-publish","format-standard","has-post-thumbnail","hentry","category-attivita-circoli","category-concorsi-fotografici","category-mostre"],"acf":[],"_links":{"self":[{"href":"https:\/\/fiaf.net\/lazio\/wp-json\/wp\/v2\/posts\/8190","targetHints":{"allow":["GET"]}}],"collection":[{"href":"https:\/\/fiaf.net\/lazio\/wp-json\/wp\/v2\/posts"}],"about":[{"href":"https:\/\/fiaf.net\/lazio\/wp-json\/wp\/v2\/types\/post"}],"author":[{"embeddable":true,"href":"https:\/\/fiaf.net\/lazio\/wp-json\/wp\/v2\/users\/20"}],"replies":[{"embeddable":true,"href":"https:\/\/fiaf.net\/lazio\/wp-json\/wp\/v2\/comments?post=8190"}],"version-history":[{"count":16,"href":"https:\/\/fiaf.net\/lazio\/wp-json\/wp\/v2\/posts\/8190\/revisions"}],"predecessor-version":[{"id":8233,"href":"https:\/\/fiaf.net\/lazio\/wp-json\/wp\/v2\/posts\/8190\/revisions\/8233"}],"wp:featuredmedia":[{"embeddable":true,"href":"https:\/\/fiaf.net\/lazio\/wp-json\/wp\/v2\/media\/8203"}],"wp:attachment":[{"href":"https:\/\/fiaf.net\/lazio\/wp-json\/wp\/v2\/media?parent=8190"}],"wp:term":[{"taxonomy":"category","embeddable":true,"href":"https:\/\/fiaf.net\/lazio\/wp-json\/wp\/v2\/categories?post=8190"},{"taxonomy":"post_tag","embeddable":true,"href":"https:\/\/fiaf.net\/lazio\/wp-json\/wp\/v2\/tags?post=8190"}],"curies":[{"name":"wp","href":"https:\/\/api.w.org\/{rel}","templated":true}]}}