{"id":8268,"date":"2024-10-06T08:24:10","date_gmt":"2024-10-06T06:24:10","guid":{"rendered":"https:\/\/fiaf.net\/lazio\/?p=8268"},"modified":"2024-10-06T08:24:43","modified_gmt":"2024-10-06T06:24:43","slug":"lab_dicult_213","status":"publish","type":"post","link":"https:\/\/fiaf.net\/lazio\/lab_dicult_213\/","title":{"rendered":"MEMORIE: ci\u00f2 che stato, ci\u00f2 che resta, ci\u00f2 che rester\u00e0"},"content":{"rendered":"<p><strong>&#8220;Memorie: ci\u00f2 che \u00e8 stato, ci\u00f2 che resta, ci\u00f2 che rester\u00e0\u201d \u00e8 il tema proposto dal Dipartimento Cultura della FIAF per l\u2019annualit\u00e0 2024\/2025.<\/strong><\/p>\n<blockquote><p>Concept della ricerca del Lab Di Cult 213 FIAF Il Lab Di Cult 213 FIAF, che fa capo a Soci della Associazione Fotografica Frosinone, sar\u00e0 un laboratorio che dar\u00e0 a fotografi e appassionati la possibilit\u00e0 di esplorare le numerose ipotesi di svolgimento del tema che potranno essere affrontate offrendo vari stimoli fotografici che potranno scaturire dalla loro analisi.<\/p><\/blockquote>\n<p>Qui, in Ciociaria e nella Terra di Lavoro che sono l\u2019ossatura della provincia di Frosinone, di vissuto, di ricordi vissuti o ereditati da un passato remoto, ma anche prossimo, ne abbiamo in abbondanza.<br \/>\nSiamo la culla del monachesimo benedettino, faro della civilt\u00e0 europea e l\u2019abbazia di Montecassino insieme alle altre ne sono preziosa testimonianza.<br \/>\nSiamo la terra dove i racconti spaziano dalle gesta del dio Saturno che ha fondato cinque citt\u00e0 su questo territorio, alle civilt\u00e0 romana ed ernica, alternate a storie di Papi, di Santi, di Imperatori, di briganti, di musicisti e di scrittori.<br \/>\nNel 1800 fra Isola del Liri, Sora e Arpino l\u2019industria cartaria e tessile erano le prime fra i paesi dell\u2019Europa di allora, attivit\u00e0 che oggi invece \u00e8 purtroppo in grande stato di crisi.<br \/>\nAbbiamo avuto grandi personaggi che hanno fatto la storia della fotografia e del cinema.<br \/>\nPer arrivare alle pi\u00f9 recenti vicende che hanno coinvolto in modo drammatico in particolare l\u2019area sud della provincia dove, ottant\u2019anni or sono, Cassino, citt\u00e0 martire, insieme all\u2019abbazia di Montecassino furono completamente rase al suolo non senza dimenticarci di quei ragazzi che hanno dato la vita nella grande carneficina della Prima guerra mondiale.<br \/>\nE sicuramente senza lasciare da parte la memoria di quanto \u00e8 appartenuto e appartiene alla nostra quotidianit\u00e0.<\/p>\n<p>La partecipazione al Laboratorio di tesserati FIAF \u00e8 gratuita.<br \/>\nAl Laboratorio sono ammessi anche fotografi non tesserati alla FIAF previo versamento di una quota di partecipazione alla FIAF.<\/p>\n<p>Per informazioni:<br \/>\nAntonio 3280269745 \u2013 <a href=\"mailto:antocorvo.ac@gmail.com\">antocorvo.ac@gmail.com<\/a><br \/>\nNicola 3479416779 \u2013 <a href=\"mailto:nisacco@gmail.com\">nisacco@gmail.com<\/a><br \/>\nGeneroso 3388246234 &#8211; <a href=\"mailto:struzzierogeneroso@libero.it\">struzzierogeneroso@libero.it<\/a><\/p>\n\n    <div class=\"xs_social_share_widget xs_share_url after_content \t\tmain_content  wslu-style-1 wslu-share-box-shaped wslu-fill-colored wslu-none wslu-share-horizontal wslu-theme-font-no wslu-main_content\">\n\n\t\t\n        <ul>\n\t\t\t        <\/ul>\n    <\/div> \n","protected":false},"excerpt":{"rendered":"<p>&#8220;Memorie: ci\u00f2 che \u00e8 stato, ci\u00f2 che resta, ci\u00f2 che rester\u00e0\u201d \u00e8 il tema proposto dal Dipartimento Cultura della FIAF &hellip;<\/p>\n","protected":false},"author":20,"featured_media":8272,"comment_status":"closed","ping_status":"closed","sticky":false,"template":"","format":"standard","meta":{"_acf_changed":false,"footnotes":""},"categories":[2,15],"tags":[],"class_list":["post-8268","post","type-post","status-publish","format-standard","has-post-thumbnail","hentry","category-attivita-circoli","category-labdicult"],"acf":[],"_links":{"self":[{"href":"https:\/\/fiaf.net\/lazio\/wp-json\/wp\/v2\/posts\/8268","targetHints":{"allow":["GET"]}}],"collection":[{"href":"https:\/\/fiaf.net\/lazio\/wp-json\/wp\/v2\/posts"}],"about":[{"href":"https:\/\/fiaf.net\/lazio\/wp-json\/wp\/v2\/types\/post"}],"author":[{"embeddable":true,"href":"https:\/\/fiaf.net\/lazio\/wp-json\/wp\/v2\/users\/20"}],"replies":[{"embeddable":true,"href":"https:\/\/fiaf.net\/lazio\/wp-json\/wp\/v2\/comments?post=8268"}],"version-history":[{"count":5,"href":"https:\/\/fiaf.net\/lazio\/wp-json\/wp\/v2\/posts\/8268\/revisions"}],"predecessor-version":[{"id":8274,"href":"https:\/\/fiaf.net\/lazio\/wp-json\/wp\/v2\/posts\/8268\/revisions\/8274"}],"wp:featuredmedia":[{"embeddable":true,"href":"https:\/\/fiaf.net\/lazio\/wp-json\/wp\/v2\/media\/8272"}],"wp:attachment":[{"href":"https:\/\/fiaf.net\/lazio\/wp-json\/wp\/v2\/media?parent=8268"}],"wp:term":[{"taxonomy":"category","embeddable":true,"href":"https:\/\/fiaf.net\/lazio\/wp-json\/wp\/v2\/categories?post=8268"},{"taxonomy":"post_tag","embeddable":true,"href":"https:\/\/fiaf.net\/lazio\/wp-json\/wp\/v2\/tags?post=8268"}],"curies":[{"name":"wp","href":"https:\/\/api.w.org\/{rel}","templated":true}]}}