{"id":8422,"date":"2024-11-08T10:56:41","date_gmt":"2024-11-08T09:56:41","guid":{"rendered":"https:\/\/fiaf.net\/lazio\/?p=8422"},"modified":"2024-11-08T10:57:30","modified_gmt":"2024-11-08T09:57:30","slug":"incontro-su-il-portfolio","status":"publish","type":"post","link":"https:\/\/fiaf.net\/lazio\/incontro-su-il-portfolio\/","title":{"rendered":"Incontro su Il portfolio fotografico &#8211; dall\u2019idea alla produzione"},"content":{"rendered":"<p>Il portfolio fotografico \u00e8 definibile come una raccolta di immagini, numericamente limitata, dove il tutto vale pi\u00f9 delle singole immagini. Si tratta in definitiva di un progetto in cui le immagini sono selezionate per raccontare e trasmettere un\u2019idea, un pensiero, una storia. Attraverso il portfolio un fotografo pu\u00f2 mostrare la propria capacit\u00e0 di comunicare, di raccontare, di gestire un intero progetto fotografico che a volte pu\u00f2 anche contenere un testo a supporto delle immagini.<br \/>\nVerranno analizzate tutte le fasi necessarie alla sua creazione: dalla scelta dell\u2019argomento al modo di presentarlo; dalla ripresa fotografica alla selezione delle foto e al loro ordine di presentazione; dalla eventuale postproduzione alla eventuale stampa e alla presentazione finale.<br \/>\nTutto questo e molto altro verr\u00e0 illustrato e approfondito nel corso dell\u2019incontro di studio che l\u2019Associazione Fotografica Frosinone ha organizzato e che avr\u00e0 come protagonista <strong>Mariano Fanini BFI \u2013 EFI, Consigliere Nazionale della FIAF (Federazione Italiana Associazioni Fotografiche ETS) e Presidente del FOTO CLUB CASTELLI ROMANI BFI -APS di Albano Laziale.<\/strong><br \/>\nNel corso dell\u2019incontro sar\u00e0 anche possibile presentare propri lavori fotografici che potranno essere esaminati, letti e commentati.<\/p>\n<blockquote><p>L\u2019incontro si svolger\u00e0 sabato 16 novembre prossimo, con inizio alle ore 17:30, presso la sede del Centro Sociale Anziani, in Corso Lazio, Frosinone.<br \/>\nL\u2019ingresso \u00e8 libero. Per informazioni scrivere a info@asfotofr.it<\/p><\/blockquote>\n<p>Clicca sull&#8217;anteprima per la locandina:<br \/>\n<a href=\"https:\/\/fiaf.net\/lazio\/wp-content\/uploads\/sites\/13\/2024\/10\/FANINI-Q10-2024.jpg\" target=\"_blank\" rel=\"noopener\"><img loading=\"lazy\" decoding=\"async\" src=\"https:\/\/fiaf.net\/lazio\/wp-content\/uploads\/sites\/13\/2024\/10\/FANINI-Q10-2024-212x300.jpg\" alt=\"\" width=\"212\" height=\"300\" class=\"alignnone size-medium wp-image-8289\" srcset=\"https:\/\/fiaf.net\/lazio\/wp-content\/uploads\/sites\/13\/2024\/10\/FANINI-Q10-2024-212x300.jpg 212w, https:\/\/fiaf.net\/lazio\/wp-content\/uploads\/sites\/13\/2024\/10\/FANINI-Q10-2024-724x1024.jpg 724w, https:\/\/fiaf.net\/lazio\/wp-content\/uploads\/sites\/13\/2024\/10\/FANINI-Q10-2024-768x1086.jpg 768w, https:\/\/fiaf.net\/lazio\/wp-content\/uploads\/sites\/13\/2024\/10\/FANINI-Q10-2024-1086x1536.jpg 1086w, https:\/\/fiaf.net\/lazio\/wp-content\/uploads\/sites\/13\/2024\/10\/FANINI-Q10-2024.jpg 1240w\" sizes=\"auto, (max-width: 212px) 100vw, 212px\" \/><\/a><\/p>\n\n    <div class=\"xs_social_share_widget xs_share_url after_content \t\tmain_content  wslu-style-1 wslu-share-box-shaped wslu-fill-colored wslu-none wslu-share-horizontal wslu-theme-font-no wslu-main_content\">\n\n\t\t\n        <ul>\n\t\t\t        <\/ul>\n    <\/div> \n","protected":false},"excerpt":{"rendered":"<p>Il portfolio fotografico \u00e8 definibile come una raccolta di immagini, numericamente limitata, dove il tutto vale pi\u00f9 delle singole immagini. &hellip;<\/p>\n","protected":false},"author":20,"featured_media":8288,"comment_status":"closed","ping_status":"closed","sticky":false,"template":"","format":"standard","meta":{"_acf_changed":false,"footnotes":""},"categories":[1],"tags":[],"class_list":["post-8422","post","type-post","status-publish","format-standard","has-post-thumbnail","hentry","category-altro"],"acf":[],"_links":{"self":[{"href":"https:\/\/fiaf.net\/lazio\/wp-json\/wp\/v2\/posts\/8422","targetHints":{"allow":["GET"]}}],"collection":[{"href":"https:\/\/fiaf.net\/lazio\/wp-json\/wp\/v2\/posts"}],"about":[{"href":"https:\/\/fiaf.net\/lazio\/wp-json\/wp\/v2\/types\/post"}],"author":[{"embeddable":true,"href":"https:\/\/fiaf.net\/lazio\/wp-json\/wp\/v2\/users\/20"}],"replies":[{"embeddable":true,"href":"https:\/\/fiaf.net\/lazio\/wp-json\/wp\/v2\/comments?post=8422"}],"version-history":[{"count":4,"href":"https:\/\/fiaf.net\/lazio\/wp-json\/wp\/v2\/posts\/8422\/revisions"}],"predecessor-version":[{"id":8426,"href":"https:\/\/fiaf.net\/lazio\/wp-json\/wp\/v2\/posts\/8422\/revisions\/8426"}],"wp:featuredmedia":[{"embeddable":true,"href":"https:\/\/fiaf.net\/lazio\/wp-json\/wp\/v2\/media\/8288"}],"wp:attachment":[{"href":"https:\/\/fiaf.net\/lazio\/wp-json\/wp\/v2\/media?parent=8422"}],"wp:term":[{"taxonomy":"category","embeddable":true,"href":"https:\/\/fiaf.net\/lazio\/wp-json\/wp\/v2\/categories?post=8422"},{"taxonomy":"post_tag","embeddable":true,"href":"https:\/\/fiaf.net\/lazio\/wp-json\/wp\/v2\/tags?post=8422"}],"curies":[{"name":"wp","href":"https:\/\/api.w.org\/{rel}","templated":true}]}}