{"id":8606,"date":"2024-12-10T10:52:35","date_gmt":"2024-12-10T09:52:35","guid":{"rendered":"https:\/\/fiaf.net\/lazio\/?p=8606"},"modified":"2024-12-10T12:11:27","modified_gmt":"2024-12-10T11:11:27","slug":"il-valore-economico-delle-fotografie","status":"publish","type":"post","link":"https:\/\/fiaf.net\/lazio\/il-valore-economico-delle-fotografie\/","title":{"rendered":"Il valore (economico) attribuito alle fotografie pi\u00f9 apprezzate dal mercato"},"content":{"rendered":"<p>Luigi Feliziani presenter\u00e0 alcune tra le foto pi\u00f9 apprezzate dal sistema delle case d\u2019aste nel mondo.<br \/>\nFoto che hanno raggiunto quotazioni da capogiro.<br \/>\nCi confronteremo sul significato di arte fotografica e sul mercato della fotografia e cercheremo di capire le ragioni di quelle quotazioni<\/p>\n<blockquote><p>\nMarted&#8217; 10 dicembre 2024 ore 18:00\n<\/p><\/blockquote>\n<p>In diretta su <a href=\"https:\/\/www.facebook.com\/photosophiamagazine\" target=\"_blank\" rel=\"noopener\">https:\/\/www.facebook.com\/photosophiamagazine<\/a><\/p>\n<p>Tutti i dettagli in locandina.<\/p>\n<p><a href=\"https:\/\/fiaf.net\/lazio\/wp-content\/uploads\/sites\/13\/2024\/12\/Senza-titolo.jpeg\" target=\"_blank\"><img loading=\"lazy\" decoding=\"async\" src=\"https:\/\/fiaf.net\/lazio\/wp-content\/uploads\/sites\/13\/2024\/12\/Senza-titolo-212x300.jpeg\" alt=\"\" width=\"212\" height=\"300\" class=\"alignnone size-medium wp-image-8608\" srcset=\"https:\/\/fiaf.net\/lazio\/wp-content\/uploads\/sites\/13\/2024\/12\/Senza-titolo-212x300.jpeg 212w, https:\/\/fiaf.net\/lazio\/wp-content\/uploads\/sites\/13\/2024\/12\/Senza-titolo.jpeg 595w\" sizes=\"auto, (max-width: 212px) 100vw, 212px\" \/><\/a><\/p>\n<p>Per il calendario delle attivit\u00e0 regionali <a href=\"https:\/\/fiaf.net\/lazio\/calendario2024\/\" target=\"_blank\"><strong>CLICCA QUI<\/strong><\/a>.<\/p>\n\n    <div class=\"xs_social_share_widget xs_share_url after_content \t\tmain_content  wslu-style-1 wslu-share-box-shaped wslu-fill-colored wslu-none wslu-share-horizontal wslu-theme-font-no wslu-main_content\">\n\n\t\t\n        <ul>\n\t\t\t        <\/ul>\n    <\/div> \n","protected":false},"excerpt":{"rendered":"<p>Luigi Feliziani presenter\u00e0 alcune tra le foto pi\u00f9 apprezzate dal sistema delle case d\u2019aste nel mondo. Foto che hanno raggiunto &hellip;<\/p>\n","protected":false},"author":20,"featured_media":8607,"comment_status":"closed","ping_status":"closed","sticky":false,"template":"","format":"standard","meta":{"_acf_changed":false,"footnotes":""},"categories":[1],"tags":[],"class_list":["post-8606","post","type-post","status-publish","format-standard","has-post-thumbnail","hentry","category-altro"],"acf":[],"_links":{"self":[{"href":"https:\/\/fiaf.net\/lazio\/wp-json\/wp\/v2\/posts\/8606","targetHints":{"allow":["GET"]}}],"collection":[{"href":"https:\/\/fiaf.net\/lazio\/wp-json\/wp\/v2\/posts"}],"about":[{"href":"https:\/\/fiaf.net\/lazio\/wp-json\/wp\/v2\/types\/post"}],"author":[{"embeddable":true,"href":"https:\/\/fiaf.net\/lazio\/wp-json\/wp\/v2\/users\/20"}],"replies":[{"embeddable":true,"href":"https:\/\/fiaf.net\/lazio\/wp-json\/wp\/v2\/comments?post=8606"}],"version-history":[{"count":5,"href":"https:\/\/fiaf.net\/lazio\/wp-json\/wp\/v2\/posts\/8606\/revisions"}],"predecessor-version":[{"id":8624,"href":"https:\/\/fiaf.net\/lazio\/wp-json\/wp\/v2\/posts\/8606\/revisions\/8624"}],"wp:featuredmedia":[{"embeddable":true,"href":"https:\/\/fiaf.net\/lazio\/wp-json\/wp\/v2\/media\/8607"}],"wp:attachment":[{"href":"https:\/\/fiaf.net\/lazio\/wp-json\/wp\/v2\/media?parent=8606"}],"wp:term":[{"taxonomy":"category","embeddable":true,"href":"https:\/\/fiaf.net\/lazio\/wp-json\/wp\/v2\/categories?post=8606"},{"taxonomy":"post_tag","embeddable":true,"href":"https:\/\/fiaf.net\/lazio\/wp-json\/wp\/v2\/tags?post=8606"}],"curies":[{"name":"wp","href":"https:\/\/api.w.org\/{rel}","templated":true}]}}