{"id":8663,"date":"2025-01-09T05:36:09","date_gmt":"2025-01-09T04:36:09","guid":{"rendered":"https:\/\/fiaf.net\/lazio\/?p=8663"},"modified":"2025-01-09T05:36:09","modified_gmt":"2025-01-09T04:36:09","slug":"incontrocondemichele","status":"publish","type":"post","link":"https:\/\/fiaf.net\/lazio\/incontrocondemichele\/","title":{"rendered":"Incontro con l&#8217;autore: Daniele De Michele"},"content":{"rendered":"<p>L&#8217;A.C. L&#8217;altro scatto ospita una serata nell&#8217;ambito delle iniziative per apoprocciare il tema del Progetto Nazionale FIAF 2025\/2026 che riguarder\u00e0 la filiera agroalimentare sul territorio nazionale.<\/p>\n<p>Interverr\u00e0 Daniele De Michele (in arte Don Pasta) che presenter\u00e0 il suo libro &#8220;Il pranzo della domenica&#8221; e il film di cui \u00e8 regista &#8220;I villani&#8221;. <\/p>\n<blockquote><p>Appuntamento<br \/>\nmarted\u00ec 14 gennaio 2025 ore 21:00 ore 21:00<br \/>\npresso Centro Sociale Polivalente CSP &#8211; Viale Gorgia di Leontini 171<br \/>\nCasal Palocco \u2013 Roma<br \/>\nINGRESSO GRATUITO &#8211; RICHIESTA PRENOTAZIONE\n<\/p><\/blockquote>\n<p>Clicca sull&#8217;anteprima per la locandina.<br \/>\n<a href=\"https:\/\/fiaf.net\/lazio\/wp-content\/uploads\/sites\/13\/2025\/01\/locandina.jpeg\" target=\"_blank\"><img loading=\"lazy\" decoding=\"async\" src=\"https:\/\/fiaf.net\/lazio\/wp-content\/uploads\/sites\/13\/2025\/01\/locandina-200x300.jpeg\" alt=\"\" width=\"200\" height=\"300\" class=\"alignnone size-medium wp-image-8672\" srcset=\"https:\/\/fiaf.net\/lazio\/wp-content\/uploads\/sites\/13\/2025\/01\/locandina-200x300.jpeg 200w, https:\/\/fiaf.net\/lazio\/wp-content\/uploads\/sites\/13\/2025\/01\/locandina-682x1024.jpeg 682w, https:\/\/fiaf.net\/lazio\/wp-content\/uploads\/sites\/13\/2025\/01\/locandina-768x1153.jpeg 768w, https:\/\/fiaf.net\/lazio\/wp-content\/uploads\/sites\/13\/2025\/01\/locandina-1023x1536.jpeg 1023w, https:\/\/fiaf.net\/lazio\/wp-content\/uploads\/sites\/13\/2025\/01\/locandina.jpeg 1066w\" sizes=\"auto, (max-width: 200px) 100vw, 200px\" \/><\/a><\/p>\n<p>Per il calendario delle attivit\u00e0 regionali <a href=\"https:\/\/fiaf.net\/lazio\/calendario\/\" target=\"_blank\"><strong>CLICCA QUI<\/strong><\/a>.<\/p>\n\n    <div class=\"xs_social_share_widget xs_share_url after_content \t\tmain_content  wslu-style-1 wslu-share-box-shaped wslu-fill-colored wslu-none wslu-share-horizontal wslu-theme-font-no wslu-main_content\">\n\n\t\t\n        <ul>\n\t\t\t        <\/ul>\n    <\/div> \n","protected":false},"excerpt":{"rendered":"<p>L&#8217;A.C. L&#8217;altro scatto ospita una serata nell&#8217;ambito delle iniziative per apoprocciare il tema del Progetto Nazionale FIAF 2025\/2026 che riguarder\u00e0 &hellip;<\/p>\n","protected":false},"author":20,"featured_media":8671,"comment_status":"closed","ping_status":"closed","sticky":false,"template":"","format":"standard","meta":{"_acf_changed":false,"footnotes":""},"categories":[2],"tags":[],"class_list":["post-8663","post","type-post","status-publish","format-standard","has-post-thumbnail","hentry","category-attivita-circoli"],"acf":[],"_links":{"self":[{"href":"https:\/\/fiaf.net\/lazio\/wp-json\/wp\/v2\/posts\/8663","targetHints":{"allow":["GET"]}}],"collection":[{"href":"https:\/\/fiaf.net\/lazio\/wp-json\/wp\/v2\/posts"}],"about":[{"href":"https:\/\/fiaf.net\/lazio\/wp-json\/wp\/v2\/types\/post"}],"author":[{"embeddable":true,"href":"https:\/\/fiaf.net\/lazio\/wp-json\/wp\/v2\/users\/20"}],"replies":[{"embeddable":true,"href":"https:\/\/fiaf.net\/lazio\/wp-json\/wp\/v2\/comments?post=8663"}],"version-history":[{"count":9,"href":"https:\/\/fiaf.net\/lazio\/wp-json\/wp\/v2\/posts\/8663\/revisions"}],"predecessor-version":[{"id":8679,"href":"https:\/\/fiaf.net\/lazio\/wp-json\/wp\/v2\/posts\/8663\/revisions\/8679"}],"wp:featuredmedia":[{"embeddable":true,"href":"https:\/\/fiaf.net\/lazio\/wp-json\/wp\/v2\/media\/8671"}],"wp:attachment":[{"href":"https:\/\/fiaf.net\/lazio\/wp-json\/wp\/v2\/media?parent=8663"}],"wp:term":[{"taxonomy":"category","embeddable":true,"href":"https:\/\/fiaf.net\/lazio\/wp-json\/wp\/v2\/categories?post=8663"},{"taxonomy":"post_tag","embeddable":true,"href":"https:\/\/fiaf.net\/lazio\/wp-json\/wp\/v2\/tags?post=8663"}],"curies":[{"name":"wp","href":"https:\/\/api.w.org\/{rel}","templated":true}]}}