{"id":8978,"date":"2025-04-25T22:28:26","date_gmt":"2025-04-25T20:28:26","guid":{"rendered":"https:\/\/fiaf.net\/lazio\/?p=8978"},"modified":"2025-04-29T20:09:40","modified_gmt":"2025-04-29T18:09:40","slug":"ronciglione-foto-festival-2025","status":"publish","type":"post","link":"https:\/\/fiaf.net\/lazio\/ronciglione-foto-festival-2025\/","title":{"rendered":"Ronciglione Foto Festival 2025"},"content":{"rendered":"<p>A Ronciglione torna la Fotografia d\u2019Autore<\/p>\n<p>Il 10 maggio 2025, a Ronciglione in provincia di Viterbo si inaugura la seconda edizione di Ronciglione Foto Festival, una manifestazione fotografica che \u00e8 nata lo scorso anno ed ha subito riscontrato un notevole successo di pubblico. La nuova edizione si protrarr\u00e0 come di consueto, per due week-end ed offrir\u00e0 mostre fotografiche, workshop ed incontri aperti al pubblico e totalmente gratuiti.<br \/>\nRonciglione, gi\u00e0 eletto come Borgo dei Borghi, ha una posizione strategica tra Roma e Viterbo ed offre luoghi di grande interesse e manifestazioni molto conosciute come ad esempio il Carnevale che \u00e8 uno dei pi\u00f9 famosi in Italia.<br \/>\nNei week-end 10-11 e 17-18 maggio, Ronciglione sar\u00e0 dedicata anche alla fotografia d\u2019autore: cinque mostre saranno dislocate in alcuni luoghi pi\u00f9 caratteristici del borgo e spazieranno dalla fotografia di reportage sociale (Antonella Monzoni con Ferita Armena e Dario Coletti con Okeanos &amp; Hades) e di viaggio (Yuliya Vassilyeva con Terre di Ghiaccio e Terre di Fuoco) fino a quella creativa di Metamorfosi, ottenuta da Patrizia Savarese con l\u2019Ai pi\u00f9 una collettiva di autori della zona di Viterbo. A questo si aggiungeranno i Workshop, aperti a tutti, di Giancarlo Vaiarelli (Stampa al Platino Palladio) e di Donato Chirulli (Dall\u2019idea al portfolio), foto di Ritratto realizzate gratuitamente presso lo Spazio Espositivo in Corso Umberto I, 33 oltre alle letture di portfolio in piazza. Diversi autori saranno presenti nei loro spazi per incontrare chiunque voglia far loro delle domande.<br \/>\nL\u2019inaugurazione avverr\u00e0 il 10 maggio alle ore 11 nella sala consiliare del Comune alla presenza delle autorit\u00e0 del Comune, degli autori e degli organizzatori tra i quali figurano fotografi professionisti e l\u2019associazione culturale Il Vivaio delle Immagini. La manifestazione viene realizzata col patrocinio del Comune di Ronciglione, con il supporto della Banca Lazio Nord ed ha il riconoscimento Fiaf, la federazione pi\u00f9 importante in Italia per quanto riguarda la fotografia amatoriale.<br \/>\nIl programma dettagliato degli eventi sar\u00e0 visibile su Facebook ed Instagram nelle pagine dedicate a Ronciglione Foto Festival e verr\u00e0 aggiornato in tempo reale nel caso di aggiunte o modifiche al programma.<\/p>\n<p>Per contatti: <a href=\"mailto:info@ilvivaiodelleimmagini.it\">info@ilvivaiodelleimmagini.it<\/a><br \/>\nClicca sulle anteprime per le locandine e la mappa.<br \/>\n<a href=\"https:\/\/fiaf.net\/lazio\/wp-content\/uploads\/sites\/13\/2025\/04\/Ronciglione2.jpeg\"><img loading=\"lazy\" decoding=\"async\" src=\"https:\/\/fiaf.net\/lazio\/wp-content\/uploads\/sites\/13\/2025\/04\/Ronciglione2-240x300.jpeg\" alt=\"\" width=\"240\" height=\"300\" class=\"alignnone size-medium wp-image-9036\" srcset=\"https:\/\/fiaf.net\/lazio\/wp-content\/uploads\/sites\/13\/2025\/04\/Ronciglione2-240x300.jpeg 240w, https:\/\/fiaf.net\/lazio\/wp-content\/uploads\/sites\/13\/2025\/04\/Ronciglione2-819x1024.jpeg 819w, https:\/\/fiaf.net\/lazio\/wp-content\/uploads\/sites\/13\/2025\/04\/Ronciglione2-768x960.jpeg 768w, https:\/\/fiaf.net\/lazio\/wp-content\/uploads\/sites\/13\/2025\/04\/Ronciglione2.jpeg 1080w\" sizes=\"auto, (max-width: 240px) 100vw, 240px\" \/><\/a><\/p>\n<p><a href=\"https:\/\/fiaf.net\/lazio\/wp-content\/uploads\/sites\/13\/2025\/04\/Ronciglione4.jpeg\" target=\"_blank\"><img loading=\"lazy\" decoding=\"async\" src=\"https:\/\/fiaf.net\/lazio\/wp-content\/uploads\/sites\/13\/2025\/04\/Ronciglione4-240x300.jpeg\" alt=\"\" width=\"240\" height=\"300\" class=\"alignnone size-medium wp-image-9038\" srcset=\"https:\/\/fiaf.net\/lazio\/wp-content\/uploads\/sites\/13\/2025\/04\/Ronciglione4-240x300.jpeg 240w, https:\/\/fiaf.net\/lazio\/wp-content\/uploads\/sites\/13\/2025\/04\/Ronciglione4-819x1024.jpeg 819w, https:\/\/fiaf.net\/lazio\/wp-content\/uploads\/sites\/13\/2025\/04\/Ronciglione4-768x960.jpeg 768w, https:\/\/fiaf.net\/lazio\/wp-content\/uploads\/sites\/13\/2025\/04\/Ronciglione4.jpeg 1215w\" sizes=\"auto, (max-width: 240px) 100vw, 240px\" \/><\/a><\/p>\n<p><a href=\"https:\/\/fiaf.net\/lazio\/wp-content\/uploads\/sites\/13\/2025\/04\/Ronciglione3.jpeg\"><img loading=\"lazy\" decoding=\"async\" src=\"https:\/\/fiaf.net\/lazio\/wp-content\/uploads\/sites\/13\/2025\/04\/Ronciglione3-240x300.jpeg\" alt=\"\" width=\"240\" height=\"300\" class=\"alignnone size-medium wp-image-9040\" srcset=\"https:\/\/fiaf.net\/lazio\/wp-content\/uploads\/sites\/13\/2025\/04\/Ronciglione3-240x300.jpeg 240w, https:\/\/fiaf.net\/lazio\/wp-content\/uploads\/sites\/13\/2025\/04\/Ronciglione3-819x1024.jpeg 819w, https:\/\/fiaf.net\/lazio\/wp-content\/uploads\/sites\/13\/2025\/04\/Ronciglione3-768x960.jpeg 768w, https:\/\/fiaf.net\/lazio\/wp-content\/uploads\/sites\/13\/2025\/04\/Ronciglione3.jpeg 1215w\" sizes=\"auto, (max-width: 240px) 100vw, 240px\" \/><\/a><\/p>\n<p><strong>Per il calendario delle attivit\u00e0 regionali <\/strong><a href=\"https:\/\/fiaf.net\/lazio\/calendario\/\" target=\"_blank\" rel=\"noopener\"><strong>CLICCA QUI.<\/strong><\/a><\/p>\n\n    <div class=\"xs_social_share_widget xs_share_url after_content \t\tmain_content  wslu-style-1 wslu-share-box-shaped wslu-fill-colored wslu-none wslu-share-horizontal wslu-theme-font-no wslu-main_content\">\n\n\t\t\n        <ul>\n\t\t\t        <\/ul>\n    <\/div> \n","protected":false},"excerpt":{"rendered":"<p>A Ronciglione torna la Fotografia d\u2019Autore Il 10 maggio 2025, a Ronciglione in provincia di Viterbo si inaugura la seconda &hellip;<\/p>\n","protected":false},"author":20,"featured_media":9035,"comment_status":"closed","ping_status":"closed","sticky":false,"template":"","format":"standard","meta":{"_acf_changed":false,"footnotes":""},"categories":[7,8],"tags":[],"class_list":["post-8978","post","type-post","status-publish","format-standard","has-post-thumbnail","hentry","category-manifestazioni","category-mostre"],"acf":[],"_links":{"self":[{"href":"https:\/\/fiaf.net\/lazio\/wp-json\/wp\/v2\/posts\/8978","targetHints":{"allow":["GET"]}}],"collection":[{"href":"https:\/\/fiaf.net\/lazio\/wp-json\/wp\/v2\/posts"}],"about":[{"href":"https:\/\/fiaf.net\/lazio\/wp-json\/wp\/v2\/types\/post"}],"author":[{"embeddable":true,"href":"https:\/\/fiaf.net\/lazio\/wp-json\/wp\/v2\/users\/20"}],"replies":[{"embeddable":true,"href":"https:\/\/fiaf.net\/lazio\/wp-json\/wp\/v2\/comments?post=8978"}],"version-history":[{"count":10,"href":"https:\/\/fiaf.net\/lazio\/wp-json\/wp\/v2\/posts\/8978\/revisions"}],"predecessor-version":[{"id":9067,"href":"https:\/\/fiaf.net\/lazio\/wp-json\/wp\/v2\/posts\/8978\/revisions\/9067"}],"wp:featuredmedia":[{"embeddable":true,"href":"https:\/\/fiaf.net\/lazio\/wp-json\/wp\/v2\/media\/9035"}],"wp:attachment":[{"href":"https:\/\/fiaf.net\/lazio\/wp-json\/wp\/v2\/media?parent=8978"}],"wp:term":[{"taxonomy":"category","embeddable":true,"href":"https:\/\/fiaf.net\/lazio\/wp-json\/wp\/v2\/categories?post=8978"},{"taxonomy":"post_tag","embeddable":true,"href":"https:\/\/fiaf.net\/lazio\/wp-json\/wp\/v2\/tags?post=8978"}],"curies":[{"name":"wp","href":"https:\/\/api.w.org\/{rel}","templated":true}]}}