{"id":9070,"date":"2025-05-01T19:36:24","date_gmt":"2025-05-01T17:36:24","guid":{"rendered":"https:\/\/fiaf.net\/lazio\/?p=9070"},"modified":"2025-05-01T19:44:44","modified_gmt":"2025-05-01T17:44:44","slug":"collettiva-fotografi-viterbesi","status":"publish","type":"post","link":"https:\/\/fiaf.net\/lazio\/collettiva-fotografi-viterbesi\/","title":{"rendered":"COLLETTIVA FOTOGRAFI VITERBESI"},"content":{"rendered":"<p>Alla seconda edizione del <strong>Ronciglione Foto Festival<\/strong> in mostra anche 9 diverse visioni di 9 autori e autrici di Viterbo. <\/p>\n<p>La Collettiva vuole essere un\u2019espressione del fermento culturale viterbese in ambito fotografico.<br \/>\nPaola Burla, Vittorio Faggiani, Giovanni Firmani, Roberto Laurenti, Carlo Panza e Rosanna Papalini del<strong> Magazzino 120<\/strong>, Gruppo Fotografico FIAF di Viterbo, spazieranno dallo storytelling al paesaggio, dalla ritrattistica alla staged, dalla fotografia stenopeica a quella sperimentale.<br \/>\nMichele Furci, \u201cfotografo disfunzionale&#8221; metter\u00e0 in scena il suo inconscio. Conosceremo , inoltre, l\u2019approccio reportagista di Daniele Pignatiello e l\u2019emozionalit\u00e0 che Debora Valentini trasferisce nelle immagini. <\/p>\n<p>Tutti loro si racconteranno in una TALK domenica 11 maggio dalle ore 11.00 presso la Sala Banca Lazio Nord in via Roma 96 a Ronciglione.<br \/>\nSar\u00e0 possibile incontrare gli autori e le autrici e visitare la mostra nei due week-end del Festival, il 10 e 11 maggio e il 17 e 18 maggio, in Corso Umberto I, n. 18.<br \/>\nLo spazio ospiter\u00e0, a partire dal pomeriggio di sabato 10 maggio, una sala pose che accoglier\u00e0 chiunque vorr\u00e0 farsi ritrarre, a titolo gratuito, da Vittorio Faggiani e dagli altri fotografi della Collettiva.<\/p>\n<p>Ricordiamo l\u2019inaugurazione del Festival, con riconoscimento FIAF, sabato 10 maggio alle ore 11.00 presso la Sala Consiliare del Comune, che ha patrocinato l\u2019evento, alla presenza delle autorit\u00e0 e di tutti gli autori e gli organizzatori.<\/p>\n<p>Un doveroso ringraziamento va a \u201cIl Vivaio dell\u2019Immagini\u201d di Orte, altro circolo fotografico FIAF della provincia di Viterbo,  nella figura del suo presidente Michele Buonanni, che si prodiga nella diffusione della fotografia nel nostro territorio.<\/p>\n<p>Daniele Pignatiello  e Debora Valentini &#8211; responsabili Area Provincia di Viterbo<\/p>\n<p>Clicca sull&#8217;anteprima per la locandina:<br \/>\n<a href=\"https:\/\/fiaf.net\/lazio\/wp-content\/uploads\/sites\/13\/2025\/05\/M120_Ronciglione.jpeg\"><img loading=\"lazy\" decoding=\"async\" src=\"https:\/\/fiaf.net\/lazio\/wp-content\/uploads\/sites\/13\/2025\/05\/M120_Ronciglione-210x300.jpeg\" alt=\"\" width=\"210\" height=\"300\" class=\"alignnone size-medium wp-image-9072\" srcset=\"https:\/\/fiaf.net\/lazio\/wp-content\/uploads\/sites\/13\/2025\/05\/M120_Ronciglione-210x300.jpeg 210w, https:\/\/fiaf.net\/lazio\/wp-content\/uploads\/sites\/13\/2025\/05\/M120_Ronciglione-717x1024.jpeg 717w, https:\/\/fiaf.net\/lazio\/wp-content\/uploads\/sites\/13\/2025\/05\/M120_Ronciglione-768x1097.jpeg 768w, https:\/\/fiaf.net\/lazio\/wp-content\/uploads\/sites\/13\/2025\/05\/M120_Ronciglione-1075x1536.jpeg 1075w, https:\/\/fiaf.net\/lazio\/wp-content\/uploads\/sites\/13\/2025\/05\/M120_Ronciglione.jpeg 1120w\" sizes=\"auto, (max-width: 210px) 100vw, 210px\" \/><\/a><\/p>\n<p><strong>Per il calendario delle attivit\u00e0 regionali <\/strong><a href=\"https:\/\/fiaf.net\/lazio\/calendario\/\" target=\"_blank\" rel=\"noopener\"><strong>CLICCA QUI.<\/strong><\/a><\/p>\n\n    <div class=\"xs_social_share_widget xs_share_url after_content \t\tmain_content  wslu-style-1 wslu-share-box-shaped wslu-fill-colored wslu-none wslu-share-horizontal wslu-theme-font-no wslu-main_content\">\n\n\t\t\n        <ul>\n\t\t\t        <\/ul>\n    <\/div> \n","protected":false},"excerpt":{"rendered":"<p>Alla seconda edizione del Ronciglione Foto Festival in mostra anche 9 diverse visioni di 9 autori e autrici di Viterbo. &hellip;<\/p>\n","protected":false},"author":20,"featured_media":9071,"comment_status":"closed","ping_status":"closed","sticky":false,"template":"","format":"standard","meta":{"_acf_changed":false,"footnotes":""},"categories":[1],"tags":[],"class_list":["post-9070","post","type-post","status-publish","format-standard","has-post-thumbnail","hentry","category-altro"],"acf":[],"_links":{"self":[{"href":"https:\/\/fiaf.net\/lazio\/wp-json\/wp\/v2\/posts\/9070","targetHints":{"allow":["GET"]}}],"collection":[{"href":"https:\/\/fiaf.net\/lazio\/wp-json\/wp\/v2\/posts"}],"about":[{"href":"https:\/\/fiaf.net\/lazio\/wp-json\/wp\/v2\/types\/post"}],"author":[{"embeddable":true,"href":"https:\/\/fiaf.net\/lazio\/wp-json\/wp\/v2\/users\/20"}],"replies":[{"embeddable":true,"href":"https:\/\/fiaf.net\/lazio\/wp-json\/wp\/v2\/comments?post=9070"}],"version-history":[{"count":7,"href":"https:\/\/fiaf.net\/lazio\/wp-json\/wp\/v2\/posts\/9070\/revisions"}],"predecessor-version":[{"id":9079,"href":"https:\/\/fiaf.net\/lazio\/wp-json\/wp\/v2\/posts\/9070\/revisions\/9079"}],"wp:featuredmedia":[{"embeddable":true,"href":"https:\/\/fiaf.net\/lazio\/wp-json\/wp\/v2\/media\/9071"}],"wp:attachment":[{"href":"https:\/\/fiaf.net\/lazio\/wp-json\/wp\/v2\/media?parent=9070"}],"wp:term":[{"taxonomy":"category","embeddable":true,"href":"https:\/\/fiaf.net\/lazio\/wp-json\/wp\/v2\/categories?post=9070"},{"taxonomy":"post_tag","embeddable":true,"href":"https:\/\/fiaf.net\/lazio\/wp-json\/wp\/v2\/tags?post=9070"}],"curies":[{"name":"wp","href":"https:\/\/api.w.org\/{rel}","templated":true}]}}