{"id":9115,"date":"2025-05-13T11:16:57","date_gmt":"2025-05-13T09:16:57","guid":{"rendered":"https:\/\/fiaf.net\/lazio\/?p=9115"},"modified":"2025-05-14T08:55:17","modified_gmt":"2025-05-14T06:55:17","slug":"coex-festival-7-edizione","status":"publish","type":"post","link":"https:\/\/fiaf.net\/lazio\/coex-festival-7-edizione\/","title":{"rendered":"Coex Festival &#8211; 7\u00b0 edizione"},"content":{"rendered":"<blockquote><p>Coex Festival 7\u00b0 edizione si svolger\u00e0 nei giorni 24 e 25 maggio a <strong>Roma <\/strong>presso la Cartiera Latina, Via Appia Antica, 42. L\u2019ingresso sar\u00e0, come nelle precedenti edizioni, gratuito.<br \/>\nL\u2019entrata al pubblico sar\u00e0 dalle 10.00 alle 19.00 in entrambi i giorni.<\/p><\/blockquote>\n<p>Il <strong>Coex Festival<\/strong> \u00e8 un evento annuale dedicato alla <strong>Fotografia d\u2019arte<\/strong>, che si svolge a Roma presso la storica Cartiera Latina, situata nel Parco dell\u2019Appia Antica.<br \/>\nIdeato e Organizzato dal Gruppo <strong>Fag Arti Visive<\/strong>, con la Direzione Artistica di <strong>Monica Bisin<\/strong> il Festival nasce nel 2018 come evoluzione del progetto &#8220;Convergenze&#8221;, con l\u2019obiettivo di promuovere la sinergia tra la fotografia e le diverse discipline artistiche.<br \/>\nDopo il successo delle prime 6 edizioni \u201cCoex Festival\u201d sar\u00e0 un Festival ancora pi\u00f9 ricco di iniziative e novit\u00e0.<br \/>\nArtisti ed esperti provenienti da tutta Italia daranno vita a mostre, workshop, conferenze, performance, shootings e tanto altro.<br \/>\nL\u2019evento \u00e8 in continua evoluzione per avvicinarsi sempre di pi\u00f9 all\u2019idea originale: diffondere il linguaggio artistico-fotografico, ed essere un grande contenitore culturale in cui artisti, esperti, associazioni di settore potranno condividere spazi, conoscersi e stabilire interessanti connessioni, nonch\u00e9 collaborare a iniziative e a progetti collettivi. Per gli autori un\u2019occasione per mostrare i propri lavori ed imparare da docenti preparati.<br \/>\nScambio, opportunit\u00e0 e formazione: questi i cardini su cui ruota la filosofia del progetto e dell\u2019evento.<\/p>\n<p><strong>Location<\/strong><br \/>\nIl Festival si svolge per la prima volta nel 2018 sul territorio capitolino nella caratteristica location della Cartiera Latina, nel Parco dell\u2019Appia Antica, per trasferirsi nel 2020 e 2021 nel meraviglioso Bordo di Nemi alle porte di Roma. Gi\u00e0 dalla edizione del 2023 per\u00f2 torna a Roma alla Cartiera Latina.<br \/>\nLa scelta continua ad essere Roma anche per questa edizione, nella caratteristica Cartiera Latina nel Parco dell\u2019Appia Antica dove fotografia, storia e cultura si intrecceranno per creare un evento indimenticabile.<br \/>\n<strong>Partenership e Patrocini<\/strong><br \/>\nAnche quest\u2019anno avremo il Patrocinio della Regione Lazio che ha sempre appoggiato il Festival accompagnandoci fin dalla prima edizione.<br \/>\nContinua e si consolida la Partnership culturale con la Fiaf (Federazione italiana associazioni fotografiche) un piacere ed un onore per noi, sar\u00e0 ospite e collaborer\u00e0 alle varie iniziative Mariano Fanini, Consigliere Nazionale Fiaf.<br \/>\nCome ormai da diversi anni collaboriamo anche quest\u2019anno con la grande azienda tedesca Saal Digital, che sostiene il nostro evento con una Partnership Tecnica. L\u2019azienda si occupa di stampe fotografiche dal fine art ai pannelli rigidi agli album. Per noi una sicurezza in termini di professionalit\u00e0 e qualit\u00e0.<br \/>\nUna nuova collaborazione quest\u2019anno con il Blog L\u2019ArtecheMiPiace dell\u2019Artista Giuseppina Irene groccia che sar\u00e0 Media Partner dell\u2019evento.<\/p>\n<blockquote><p><strong>Contenuti<\/strong><br \/>\nUn programma ricchissimo che prevede 5 sezioni:<br \/>\nExhibition, Talk, Lab, Let\u2019s click e Letture Portfolio.\n<\/p><\/blockquote>\n<p>Tutti i contenuti li trovate ben descritti nel <a href=\"https:\/\/fiaf.net\/lazio\/wp-content\/uploads\/sites\/13\/2025\/05\/Comunicato-stampa-Coex-7\u00b0-edizione-2024.pdf\" target=\"_blank\">comunicato stampa che potete scaricare cliccando qui<\/a>.<br \/>\n<a href=\"https:\/\/www.fagartivisive.it\/coex-festival\/programma-2025\" target=\"_blank\" rel=\"noopener\">Trovate qui il programma dettagliato con gli orari<\/a> dei diversi eventi.<\/p>\n<p>Clicca sull&#8217;anteprima per la locandina:<br \/>\n<a href=\"https:\/\/fiaf.net\/lazio\/wp-content\/uploads\/sites\/13\/2025\/05\/LocandinaCoex.jpeg\"><img loading=\"lazy\" decoding=\"async\" src=\"https:\/\/fiaf.net\/lazio\/wp-content\/uploads\/sites\/13\/2025\/05\/LocandinaCoex-300x200.jpeg\" alt=\"\" width=\"300\" height=\"200\" class=\"alignnone size-medium wp-image-9127\" srcset=\"https:\/\/fiaf.net\/lazio\/wp-content\/uploads\/sites\/13\/2025\/05\/LocandinaCoex-300x200.jpeg 300w, https:\/\/fiaf.net\/lazio\/wp-content\/uploads\/sites\/13\/2025\/05\/LocandinaCoex-1024x682.jpeg 1024w, https:\/\/fiaf.net\/lazio\/wp-content\/uploads\/sites\/13\/2025\/05\/LocandinaCoex-768x512.jpeg 768w, https:\/\/fiaf.net\/lazio\/wp-content\/uploads\/sites\/13\/2025\/05\/LocandinaCoex-1536x1024.jpeg 1536w, https:\/\/fiaf.net\/lazio\/wp-content\/uploads\/sites\/13\/2025\/05\/LocandinaCoex.jpeg 2000w\" sizes=\"auto, (max-width: 300px) 100vw, 300px\" \/><\/a><\/p>\n<p><strong>Per il calendario delle attivit\u00e0 regionali <\/strong><a href=\"https:\/\/fiaf.net\/lazio\/calendario\/\" target=\"_blank\" rel=\"noopener\"><strong>CLICCA QUI.<\/strong><\/a><\/p>\n\n    <div class=\"xs_social_share_widget xs_share_url after_content \t\tmain_content  wslu-style-1 wslu-share-box-shaped wslu-fill-colored wslu-none wslu-share-horizontal wslu-theme-font-no wslu-main_content\">\n\n\t\t\n        <ul>\n\t\t\t        <\/ul>\n    <\/div> \n","protected":false},"excerpt":{"rendered":"<p>Coex Festival 7\u00b0 edizione si svolger\u00e0 nei giorni 24 e 25 maggio a Roma presso la Cartiera Latina, Via Appia &hellip;<\/p>\n","protected":false},"author":20,"featured_media":9116,"comment_status":"closed","ping_status":"closed","sticky":false,"template":"","format":"standard","meta":{"_acf_changed":false,"footnotes":""},"categories":[7],"tags":[],"class_list":["post-9115","post","type-post","status-publish","format-standard","has-post-thumbnail","hentry","category-manifestazioni"],"acf":[],"_links":{"self":[{"href":"https:\/\/fiaf.net\/lazio\/wp-json\/wp\/v2\/posts\/9115","targetHints":{"allow":["GET"]}}],"collection":[{"href":"https:\/\/fiaf.net\/lazio\/wp-json\/wp\/v2\/posts"}],"about":[{"href":"https:\/\/fiaf.net\/lazio\/wp-json\/wp\/v2\/types\/post"}],"author":[{"embeddable":true,"href":"https:\/\/fiaf.net\/lazio\/wp-json\/wp\/v2\/users\/20"}],"replies":[{"embeddable":true,"href":"https:\/\/fiaf.net\/lazio\/wp-json\/wp\/v2\/comments?post=9115"}],"version-history":[{"count":15,"href":"https:\/\/fiaf.net\/lazio\/wp-json\/wp\/v2\/posts\/9115\/revisions"}],"predecessor-version":[{"id":9133,"href":"https:\/\/fiaf.net\/lazio\/wp-json\/wp\/v2\/posts\/9115\/revisions\/9133"}],"wp:featuredmedia":[{"embeddable":true,"href":"https:\/\/fiaf.net\/lazio\/wp-json\/wp\/v2\/media\/9116"}],"wp:attachment":[{"href":"https:\/\/fiaf.net\/lazio\/wp-json\/wp\/v2\/media?parent=9115"}],"wp:term":[{"taxonomy":"category","embeddable":true,"href":"https:\/\/fiaf.net\/lazio\/wp-json\/wp\/v2\/categories?post=9115"},{"taxonomy":"post_tag","embeddable":true,"href":"https:\/\/fiaf.net\/lazio\/wp-json\/wp\/v2\/tags?post=9115"}],"curies":[{"name":"wp","href":"https:\/\/api.w.org\/{rel}","templated":true}]}}