{"id":9467,"date":"2025-09-12T18:19:19","date_gmt":"2025-09-12T16:19:19","guid":{"rendered":"https:\/\/fiaf.net\/lazio\/?p=9467"},"modified":"2025-09-12T18:19:19","modified_gmt":"2025-09-12T16:19:19","slug":"architettura-moderna","status":"publish","type":"post","link":"https:\/\/fiaf.net\/lazio\/architettura-moderna\/","title":{"rendered":"Mostra fotografica Architettura moderna"},"content":{"rendered":"<p><strong>L&#8217;architettura come linguaggio comune.<\/strong><\/p>\n<blockquote><p>Da domenica  21 a domenica 28 settembre 2025<br \/>\nGiudea &#8211; centro storico di Fondi (LT)<br \/>\ndalle ore 18:00 alle ore 22:00<br \/>\nVernissage: domenica 21 settembre ore 17:00<br \/>\nIngresso gratuito<\/p><\/blockquote>\n<p>Questa mostra non \u00e8 solo un&#8217;esposizione di fotografie, ma il frutto di una profonda amicizia e di una collaborazione straordinaria tra due realt\u00e0 unite dalla passione per l&#8217;arte e per la fotografia: il nostro circolo \u201c<strong>FotograficheMenti<\/strong>\u201d e i nostri amici tedeschi del \u201c<strong>circolo cittadino citt\u00e0 di Dachau<\/strong>\u201d, con il quale siamo gemellati.<br \/>\nIn un mondo in cui le differenze culturali possono a volte sembrare insormontabili, l&#8217;arte, e in particolare la fotografia, agisce come un ponte. Le immagini in esposizione sono la prova di come, pur con sensibilit\u00e0 e sguardi diversi, possiamo trovare un linguaggio comune: quello delle forme, delle linee, delle luci e delle ombre.<\/p>\n<p>Il titolo della mostra, <strong>&#8220;Architettura moderna&#8221;,<\/strong> non \u00e8 casuale. L&#8217;architettura moderna non \u00e8 solo una questione di cemento e vetro, ma rappresenta un&#8217;espressione della nostra storia, delle nostre ambizioni e delle nostre sfide. Ogni edificio, ogni dettaglio catturato in queste fotografie, ci racconta una storia di innovazione, di creativit\u00e0 e di visione. I fotografi che hanno contribuito a questa mostra hanno saputo cogliere l&#8217;anima di queste strutture, rivelando la loro poesia nascosta, la loro maestosit\u00e0 e, a volte, la loro fragilit\u00e0.<\/p>\n<p>L\u2019augurio \u00e8 che essa offra un momento di riflessione, e invita a guardare le citt\u00e0 con occhi nuovi e a scoprire la bellezza che spesso diamo per scontata nel nostro quotidiano. \u00c8 un viaggio visivo attraverso spazi e prospettive che ci ricordano quanto sia importante la collaborazione e la condivisione di idee.<\/p>\n<p>Clicca sulle anteprime per locandina e invito:<\/p>\n<p><a href=\"https:\/\/fiaf.net\/lazio\/wp-content\/uploads\/sites\/13\/2025\/09\/Architettura-Moderna-Locandina-2-copia.jpg\"><img loading=\"lazy\" decoding=\"async\" src=\"https:\/\/fiaf.net\/lazio\/wp-content\/uploads\/sites\/13\/2025\/09\/Architettura-Moderna-Locandina-2-copia-212x300.jpg\" alt=\"\" width=\"212\" height=\"300\" class=\"alignnone size-medium wp-image-9474\" srcset=\"https:\/\/fiaf.net\/lazio\/wp-content\/uploads\/sites\/13\/2025\/09\/Architettura-Moderna-Locandina-2-copia-212x300.jpg 212w, https:\/\/fiaf.net\/lazio\/wp-content\/uploads\/sites\/13\/2025\/09\/Architettura-Moderna-Locandina-2-copia-724x1024.jpg 724w, https:\/\/fiaf.net\/lazio\/wp-content\/uploads\/sites\/13\/2025\/09\/Architettura-Moderna-Locandina-2-copia-768x1086.jpg 768w, https:\/\/fiaf.net\/lazio\/wp-content\/uploads\/sites\/13\/2025\/09\/Architettura-Moderna-Locandina-2-copia-1087x1536.jpg 1087w, https:\/\/fiaf.net\/lazio\/wp-content\/uploads\/sites\/13\/2025\/09\/Architettura-Moderna-Locandina-2-copia-1449x2048.jpg 1449w, https:\/\/fiaf.net\/lazio\/wp-content\/uploads\/sites\/13\/2025\/09\/Architettura-Moderna-Locandina-2-copia.jpg 1811w\" sizes=\"auto, (max-width: 212px) 100vw, 212px\" \/><\/a><\/p>\n<p><a href=\"https:\/\/fiaf.net\/lazio\/wp-content\/uploads\/sites\/13\/2025\/09\/Invito-Mostra-Architettura-Moderna-1.jpg\"><img loading=\"lazy\" decoding=\"async\" src=\"https:\/\/fiaf.net\/lazio\/wp-content\/uploads\/sites\/13\/2025\/09\/Invito-Mostra-Architettura-Moderna-1-300x143.jpg\" alt=\"\" width=\"300\" height=\"143\" class=\"alignnone size-medium wp-image-9475\" srcset=\"https:\/\/fiaf.net\/lazio\/wp-content\/uploads\/sites\/13\/2025\/09\/Invito-Mostra-Architettura-Moderna-1-300x143.jpg 300w, https:\/\/fiaf.net\/lazio\/wp-content\/uploads\/sites\/13\/2025\/09\/Invito-Mostra-Architettura-Moderna-1-1024x488.jpg 1024w, https:\/\/fiaf.net\/lazio\/wp-content\/uploads\/sites\/13\/2025\/09\/Invito-Mostra-Architettura-Moderna-1-768x366.jpg 768w, https:\/\/fiaf.net\/lazio\/wp-content\/uploads\/sites\/13\/2025\/09\/Invito-Mostra-Architettura-Moderna-1-1536x731.jpg 1536w, https:\/\/fiaf.net\/lazio\/wp-content\/uploads\/sites\/13\/2025\/09\/Invito-Mostra-Architettura-Moderna-1-2048x975.jpg 2048w\" sizes=\"auto, (max-width: 300px) 100vw, 300px\" \/><\/a><\/p>\n\n    <div class=\"xs_social_share_widget xs_share_url after_content \t\tmain_content  wslu-style-1 wslu-share-box-shaped wslu-fill-colored wslu-none wslu-share-horizontal wslu-theme-font-no wslu-main_content\">\n\n\t\t\n        <ul>\n\t\t\t        <\/ul>\n    <\/div> \n","protected":false},"excerpt":{"rendered":"<p>L&#8217;architettura come linguaggio comune. Da domenica 21 a domenica 28 settembre 2025 Giudea &#8211; centro storico di Fondi (LT) dalle &hellip;<\/p>\n","protected":false},"author":20,"featured_media":9469,"comment_status":"closed","ping_status":"closed","sticky":false,"template":"","format":"standard","meta":{"_acf_changed":false,"footnotes":""},"categories":[8],"tags":[],"class_list":["post-9467","post","type-post","status-publish","format-standard","has-post-thumbnail","hentry","category-mostre"],"acf":[],"_links":{"self":[{"href":"https:\/\/fiaf.net\/lazio\/wp-json\/wp\/v2\/posts\/9467","targetHints":{"allow":["GET"]}}],"collection":[{"href":"https:\/\/fiaf.net\/lazio\/wp-json\/wp\/v2\/posts"}],"about":[{"href":"https:\/\/fiaf.net\/lazio\/wp-json\/wp\/v2\/types\/post"}],"author":[{"embeddable":true,"href":"https:\/\/fiaf.net\/lazio\/wp-json\/wp\/v2\/users\/20"}],"replies":[{"embeddable":true,"href":"https:\/\/fiaf.net\/lazio\/wp-json\/wp\/v2\/comments?post=9467"}],"version-history":[{"count":7,"href":"https:\/\/fiaf.net\/lazio\/wp-json\/wp\/v2\/posts\/9467\/revisions"}],"predecessor-version":[{"id":9477,"href":"https:\/\/fiaf.net\/lazio\/wp-json\/wp\/v2\/posts\/9467\/revisions\/9477"}],"wp:featuredmedia":[{"embeddable":true,"href":"https:\/\/fiaf.net\/lazio\/wp-json\/wp\/v2\/media\/9469"}],"wp:attachment":[{"href":"https:\/\/fiaf.net\/lazio\/wp-json\/wp\/v2\/media?parent=9467"}],"wp:term":[{"taxonomy":"category","embeddable":true,"href":"https:\/\/fiaf.net\/lazio\/wp-json\/wp\/v2\/categories?post=9467"},{"taxonomy":"post_tag","embeddable":true,"href":"https:\/\/fiaf.net\/lazio\/wp-json\/wp\/v2\/tags?post=9467"}],"curies":[{"name":"wp","href":"https:\/\/api.w.org\/{rel}","templated":true}]}}