{"id":1312,"date":"2017-12-19T20:38:01","date_gmt":"2017-12-19T19:38:01","guid":{"rendered":"https:\/\/fiaf.net\/regioni\/liguria\/?p=1312"},"modified":"2017-12-19T20:38:01","modified_gmt":"2017-12-19T19:38:01","slug":"1312-2","status":"publish","type":"post","link":"https:\/\/fiaf.net\/liguria\/1312-2\/","title":{"rendered":""},"content":{"rendered":"<p><b>Gioved\u00ec 21 dicembre 2017 alle ore 17,30<\/b> Presso la sala Riccio del Palazzo Comunale di Sestri Levante, in Piazza Matteotti, l\u2019Associazione Carpe Diem, grazie alla sensibilit\u00e0 dell\u2019Amministrazione Comunale, che ha concesso lo spazio espositivo, presenter\u00e0 una Mostra Collettiva dei Soci dal titolo \u201cIl nostro Capolinea\u201d.<\/p>\n<p>Spunto di partenza \u00e8 stato un progetto di condivisione tematica tra vari gruppi di lavoro che fanno capo al Dipartimento Cultura Fiaf (Federazione Italiana Associazioni fotografiche).<\/p>\n<p>L\u2019elaborazione \u00e8 partita dal significato letterale della parola, ossia dal vocabolario.<\/p>\n<p>Dopo questo primo passaggio, analizzando le parole: stazione, fermata, terminale e percorso e inserendo la riflessione di ciascuna, nel pensiero e nel vissuto, ne \u00e8 uscita una rilettura che ha aperto ad ampie considerazioni. Trascendendo il significato letterale si \u00e8 quindi arrivati alla realizzazione di fotografie che da narrative tematiche traslano verso un percorso mentale ed esistenziale.<\/p>\n<p>Al laboratorio hanno partecipato 31 soci di Carpe Diem suddivisi in piccoli gruppi, con un numero diverso di componenti, decisi in modo libero, che hanno realizzato 12 moduli.<\/p>\n<p>Un lavoro condiviso passo dopo passo. Dalla riflessione all\u2019individuazione di come svolgere il tema, cercandone il fulcro.<\/p>\n<p>Importante \u00e8 stato trovare spunti di partenza diversificati. La scrittura, perch\u00e9 fotografare \u00e8 <i>Scrivere <\/i>(si tratta di scrittura di luce) dopo un periodo di elaborazione, che ha contribuito a creare all\u2019interno dei gruppi dialogo e condivisione armonica, ha prodotto un\u2019ampia possibilit\u00e0 di rappresentazione e lettura sull\u2019argomento.<\/p>\n<p>Questa Mostra dal titolo \u201cIl nostro Capolinea\u201d e il particolare allestimento sono il risultato fotografico, quindi visivo, di tale riflessione.<\/p>\n<p>&nbsp;<\/p>\n<p>&nbsp;<\/p>\n\n    <div class=\"xs_social_share_widget xs_share_url after_content \t\tmain_content  wslu-style-1 wslu-share-box-shaped wslu-fill-colored wslu-none wslu-share-horizontal wslu-theme-font-no wslu-main_content\">\n\n\t\t\n        <ul>\n\t\t\t        <\/ul>\n    <\/div> \n","protected":false},"excerpt":{"rendered":"<p>Gioved\u00ec 21 dicembre 2017 alle ore 17,30 Presso la sala Riccio del Palazzo Comunale di Sestri Levante, in Piazza Matteotti, &hellip;<\/p>\n","protected":false},"author":47,"featured_media":1313,"comment_status":"closed","ping_status":"closed","sticky":false,"template":"","format":"standard","meta":{"_acf_changed":false,"footnotes":""},"categories":[6],"tags":[],"class_list":["post-1312","post","type-post","status-publish","format-standard","has-post-thumbnail","hentry","category-mostre"],"acf":[],"_links":{"self":[{"href":"https:\/\/fiaf.net\/liguria\/wp-json\/wp\/v2\/posts\/1312","targetHints":{"allow":["GET"]}}],"collection":[{"href":"https:\/\/fiaf.net\/liguria\/wp-json\/wp\/v2\/posts"}],"about":[{"href":"https:\/\/fiaf.net\/liguria\/wp-json\/wp\/v2\/types\/post"}],"author":[{"embeddable":true,"href":"https:\/\/fiaf.net\/liguria\/wp-json\/wp\/v2\/users\/47"}],"replies":[{"embeddable":true,"href":"https:\/\/fiaf.net\/liguria\/wp-json\/wp\/v2\/comments?post=1312"}],"version-history":[{"count":0,"href":"https:\/\/fiaf.net\/liguria\/wp-json\/wp\/v2\/posts\/1312\/revisions"}],"wp:featuredmedia":[{"embeddable":true,"href":"https:\/\/fiaf.net\/liguria\/wp-json\/wp\/v2\/media\/1313"}],"wp:attachment":[{"href":"https:\/\/fiaf.net\/liguria\/wp-json\/wp\/v2\/media?parent=1312"}],"wp:term":[{"taxonomy":"category","embeddable":true,"href":"https:\/\/fiaf.net\/liguria\/wp-json\/wp\/v2\/categories?post=1312"},{"taxonomy":"post_tag","embeddable":true,"href":"https:\/\/fiaf.net\/liguria\/wp-json\/wp\/v2\/tags?post=1312"}],"curies":[{"name":"wp","href":"https:\/\/api.w.org\/{rel}","templated":true}]}}