{"id":1394,"date":"2018-02-26T21:10:13","date_gmt":"2018-02-26T20:10:13","guid":{"rendered":"https:\/\/fiaf.net\/regioni\/liguria\/?p=1394"},"modified":"2018-02-26T21:10:13","modified_gmt":"2018-02-26T20:10:13","slug":"curve","status":"publish","type":"post","link":"https:\/\/fiaf.net\/liguria\/curve\/","title":{"rendered":"&#8220;Curve&#8221;"},"content":{"rendered":"<p>Il Circolo Fotografico Saonensis DLF (Savona) e il Circolo Fotografico G.I.A.N. (Volterra)<br \/>\nSabato 03 Marzo alle ore 17,30<br \/>\n<strong>\u00a0 \u00a0 \u00a0 \u00a0 \u00a0 \u00a0 \u00a0 \u00a0 \u00a0 \u00a0 \u00a0 \u00a0 \u00a0 \u00a0 \u00a0 \u00a0 \u00a0 \u00a0 <em>Presentano la Mostra Collettiva<\/em> &#8220;CURVE&#8221;<br \/>\n<\/strong>\u00a0 \u00a0 \u00a0 \u00a0 \u00a0 \u00a0 \u00a0 \u00a0 Sala Mostre della Provincia &#8211; Palazzo Nervi &#8211; Via Sormano, 12r \u00a0&#8211; Savona<br \/>\ndal 04 al 09 marzo apertura sala espositiva dalle 10:00 alle 12:00 e dalle 16:00 alle 19:00<br \/>\norario festivo dalle 10:00 alle 12:00<\/p>\n<p><b>Sottrarre per eleggere<\/b><\/p>\n<p><em id=\"__mceDel\">Scegliere un tema che faccia da filo conduttore ad un progetto corale in grado di stimolare le corde espressive di tutti i partecipanti non \u00e8 cosa semplice. Resta vero per\u00f2 che trovatolo sar\u00e0 grazie alla diversa risposta interpretativa e alla variet\u00e0 dei registri usati che l\u2019opera finale potr\u00e0 essere un vero <i>concerto visivo<\/i>.<br \/>\n<em id=\"__mceDel\">Ad una sola parola: \u201cCurve\u201d \u00e8 stato affidato il compito di indicarci la partenza della riflessione. \u00a0Cinquanta autori (appartenenti a due gruppi fotografici: Circolo Fotografico Saonensis DLF e Circolo G.I.A.N di Volterra) hanno elaborato il loro percorso su questa essenziale parola dall\u2019eco geometrico. Una sfida compositiva che ciascuno ha approfondito, studiato e ideato perch\u00e9 il risultato finale potesse essere in grado di dare, a chi guarda, stimoli e conseguente apprezzamento.<br \/>\n<\/em><\/em><em id=\"__mceDel\"><em id=\"__mceDel\">Essenzialit\u00e0, armonia di forme, giusto equilibrio compositivo e bellezza sono i segni forti che caratterizzano queste opere. Una ricerca che riesce a valorizzare, attraverso la sottrazione. Un partire dal tutto, dall\u2019insieme della visione, per arrivare al segno, a quel <i>punctum<\/i> che doveva essere base della ricerca.\u00a0Particolari che indagano in una molteplice gamma di situazioni visive, dall\u2019oggetto di uso comune alle forme architettoniche fino al paesaggio, in una descrizione che ci aiuta a scoprire risvegliando la meraviglia. Una conferma della forza polisemica che possiede la fotografia e della capacit\u00e0 di dare alle cose fotografate echi emozionali grazie a come sono stati visti e ripresi dagli autori. Quel <i>come<\/i> che rinnova e reinventa quasi trasformando ci\u00f2 che guardiamo e sa mettere ali alla nostra percezione.\u00a0Anche la vasta gamma tonale che va dal bianco e nero delle volute di fumo, al rosso acceso di uno spicchio di ventaglio, passando per una serie di riflessioni colorate diventa caratteristica di questa mostra. Guardandola ci accorgeremo che gli autori hanno cercato di raccontarci con occhi diversi ci\u00f2 che fa parte del nostro mondo con un processo di astrazione che vuol aiutarci a <i>rivedere<\/i> in modo nuovo.<\/em><\/em><\/p>\n<p>Orietta Bay<\/p>\n\n    <div class=\"xs_social_share_widget xs_share_url after_content \t\tmain_content  wslu-style-1 wslu-share-box-shaped wslu-fill-colored wslu-none wslu-share-horizontal wslu-theme-font-no wslu-main_content\">\n\n\t\t\n        <ul>\n\t\t\t        <\/ul>\n    <\/div> \n","protected":false},"excerpt":{"rendered":"<p>Il Circolo Fotografico Saonensis DLF (Savona) e il Circolo Fotografico G.I.A.N. (Volterra) Sabato 03 Marzo alle ore 17,30 \u00a0 \u00a0 &hellip;<\/p>\n","protected":false},"author":47,"featured_media":1395,"comment_status":"closed","ping_status":"closed","sticky":false,"template":"","format":"standard","meta":{"_acf_changed":false,"footnotes":""},"categories":[6],"tags":[],"class_list":["post-1394","post","type-post","status-publish","format-standard","has-post-thumbnail","hentry","category-mostre"],"acf":[],"_links":{"self":[{"href":"https:\/\/fiaf.net\/liguria\/wp-json\/wp\/v2\/posts\/1394","targetHints":{"allow":["GET"]}}],"collection":[{"href":"https:\/\/fiaf.net\/liguria\/wp-json\/wp\/v2\/posts"}],"about":[{"href":"https:\/\/fiaf.net\/liguria\/wp-json\/wp\/v2\/types\/post"}],"author":[{"embeddable":true,"href":"https:\/\/fiaf.net\/liguria\/wp-json\/wp\/v2\/users\/47"}],"replies":[{"embeddable":true,"href":"https:\/\/fiaf.net\/liguria\/wp-json\/wp\/v2\/comments?post=1394"}],"version-history":[{"count":0,"href":"https:\/\/fiaf.net\/liguria\/wp-json\/wp\/v2\/posts\/1394\/revisions"}],"wp:featuredmedia":[{"embeddable":true,"href":"https:\/\/fiaf.net\/liguria\/wp-json\/wp\/v2\/media\/1395"}],"wp:attachment":[{"href":"https:\/\/fiaf.net\/liguria\/wp-json\/wp\/v2\/media?parent=1394"}],"wp:term":[{"taxonomy":"category","embeddable":true,"href":"https:\/\/fiaf.net\/liguria\/wp-json\/wp\/v2\/categories?post=1394"},{"taxonomy":"post_tag","embeddable":true,"href":"https:\/\/fiaf.net\/liguria\/wp-json\/wp\/v2\/tags?post=1394"}],"curies":[{"name":"wp","href":"https:\/\/api.w.org\/{rel}","templated":true}]}}