{"id":1522,"date":"2018-06-12T14:30:50","date_gmt":"2018-06-12T13:30:50","guid":{"rendered":"https:\/\/fiaf.net\/regioni\/liguria\/?p=1522"},"modified":"2018-06-12T14:30:50","modified_gmt":"2018-06-12T13:30:50","slug":"in-viaggio-con-dickens-tra-genova-e-liguria-di-paolo-maggiani","status":"publish","type":"post","link":"https:\/\/fiaf.net\/liguria\/in-viaggio-con-dickens-tra-genova-e-liguria-di-paolo-maggiani\/","title":{"rendered":"In viaggio con Dickens &#8211; Tra Genova e Liguria di Paolo Maggiani"},"content":{"rendered":"<div data-block=\"true\" data-editor=\"5po55\" data-offset-key=\"72o0o-0-0\">\n<div data-offset-key=\"72o0o-0-0\"><strong>Venerd\u00ec 22 giugno 2018 alle ore 17:00<\/strong><\/div>\n<div data-offset-key=\"72o0o-0-0\"><strong><em>inaugura presso<\/em><\/strong><\/div>\n<\/div>\n<div data-block=\"true\" data-editor=\"5po55\" data-offset-key=\"8mpvh-0-0\">\n<div data-offset-key=\"8mpvh-0-0\"><strong>il Palazzo Tobia Pallavicini &#8211; Sede della Camera di Commercio di Genova &#8211; Via Garibaldi, 4 &#8211; Genova<\/strong><\/div>\n<\/div>\n<div data-block=\"true\" data-editor=\"5po55\" data-offset-key=\"8fc53-0-0\">\n<div data-offset-key=\"8fc53-0-0\"><strong>la Mostra &#8220;In viaggio con Dickens &#8211; tra Genova e Liguria&#8221;<\/strong><\/div>\n<\/div>\n<div data-block=\"true\" data-editor=\"5po55\" data-offset-key=\"fo7tv-0-0\">\n<div data-offset-key=\"fo7tv-0-0\"><strong>d Paolo Maggiani.<\/strong><\/div>\n<div data-offset-key=\"fo7tv-0-0\"><\/div>\n<div data-offset-key=\"fo7tv-0-0\"><em>L&#8217;autore \u00e8 lieto di incontrarvi.<\/em><\/div>\n<div data-offset-key=\"fo7tv-0-0\"><\/div>\n<div data-offset-key=\"fo7tv-0-0\">Comunicato Stampa.<\/div>\n<div data-offset-key=\"fo7tv-0-0\"><\/div>\n<div data-offset-key=\"fo7tv-0-0\">Un ritorno a Genova d&#8217;eccezione, per lo scrittore inglese Charles Dickens, che proprio nell&#8217;estate del 1844 approd\u00f2 nello splendido anfiteatro del Porto di Genova, e dove case sopra case, terrazze sopra terrazze lo stupirono profondamente, per lui fu tutto inusuale e mai visto prima, nessun raffronto possibile, con alcunch\u00e9 delle sue esperienze precedenti! Ed ecco arrivarci oggi alcune delle sensazioni di allora con le immagini dell&#8217;artista fotografo Paolo Maggiani, che per noi riscopre, sente e riprova le emozioni dello scrittore Charles Dickens in visita in Italia. La ricerca di momenti particolari \u00e8 assidua e ad un certo punto, il fotografo si sente accompagnato per mano dallo scrittore che pare voglia rivelarsi essere ancora attore ed allo stesso tempo spettatore, attraverso le sue note su Genova ripropone al fotografo le situazioni pi\u00f9 simili ad allora; l&#8217;animo e la mente del fotografo sono ormai coinvolte nella lettura del libro(1), che prontamente coglie le situazioni pi\u00f9 evocative delle ironie, dei momenti, delle fantasie e visioni di C. Dickens; il pi\u00f9 delle volte sono attimi, soffi, passaggi, ore di sosta altre volte, nello stesso luogo per arrivarne a respirare l&#8217;atmosfera, quella di allora. Nei prossimi giorni le condivider\u00e0 con noi che siamo di Genova e la conosciamo bene! Genova, all&#8217;epoca sbigottisce C. Dickens. Lo stordir\u00e0 a tal punto con tutti i suoi incredibili contrasti da abbandonarsi a fosche fantasticherie e febbrili, confuse visioni. Un articolato racconto fotografico quindi per le \u201cImpressioni italiane\u201d, soprattutto Genovesi e Liguri, dello scrittore inglese Charles Dickens, il suo soggiorno nel nostro paese \u00e8 durato dal luglio 1844 all&#8217;aprile 1845. Un lungo anno a Genova, da dove spesso partir\u00e0, e da dove quella volta affronter\u00e0 in pieno inverno il burrascoso Passo del Bracco , se lo immagina a primavera ma ora \u00e8 immerso in una nube di pioggia scrosciante, in un ruggito di cascate d&#8217;acqua e nel rombo spumeggiante del mare laggi\u00f9 in profondit\u00e0; una breve quanto intensa sosta nella piratesca Camogli. E&#8217; in viaggio per Roma, con tutte le tappe necessarie ad un viaggio in carrozza, non mancano gli imprevisti, arrivato alla Magra, fiume allora senza ponti, \u00e8 in piena e sbarrandogli la strada, lo costringer\u00e0 per un giorno ad una sosta a \u201cSpezzia\u201d (Dickens ne scrive il nome con la doppia zeta) attraversato il giorno seguente, incontrer\u00e0 nel suo cammino le Alpi Apuane, dove nasceranno le impressioni sul lavoro alle cave di marmo e sulla citt\u00e0 di Carrara che da sempre ha mandato i suoi migliori marmi a Genova. Paolo Maggiani, riscontrer\u00e0 nel suo viaggio accompagnato da Dickens, che molte delle impressioni di allora hanno talvolta un incredibile riscontro nell&#8217;attualit\u00e0. Venite ad a scoprire come lo scrittore si \u00e8 rivelato agli occhi del fotografo!<\/div>\n<div data-offset-key=\"fo7tv-0-0\"><\/div>\n<div data-offset-key=\"fo7tv-0-0\">Interverranno all&#8217;inaugurazione: Paolo Odone Presidente della Camera di Commercio Massimo Giacchetta Presidente della CNA Liguria L&#8217;autore Paolo Maggiani La fotografa genovese Orietta Bay, critico fotografico, Delegato regionale Fiaf.<\/div>\n<\/div>\n\n    <div class=\"xs_social_share_widget xs_share_url after_content \t\tmain_content  wslu-style-1 wslu-share-box-shaped wslu-fill-colored wslu-none wslu-share-horizontal wslu-theme-font-no wslu-main_content\">\n\n\t\t\n        <ul>\n\t\t\t        <\/ul>\n    <\/div> \n","protected":false},"excerpt":{"rendered":"<p>Venerd\u00ec 22 giugno 2018 alle ore 17:00 inaugura presso il Palazzo Tobia Pallavicini &#8211; Sede della Camera di Commercio di &hellip;<\/p>\n","protected":false},"author":47,"featured_media":1523,"comment_status":"closed","ping_status":"closed","sticky":false,"template":"","format":"standard","meta":{"_acf_changed":false,"footnotes":""},"categories":[6],"tags":[],"class_list":["post-1522","post","type-post","status-publish","format-standard","has-post-thumbnail","hentry","category-mostre"],"acf":[],"_links":{"self":[{"href":"https:\/\/fiaf.net\/liguria\/wp-json\/wp\/v2\/posts\/1522","targetHints":{"allow":["GET"]}}],"collection":[{"href":"https:\/\/fiaf.net\/liguria\/wp-json\/wp\/v2\/posts"}],"about":[{"href":"https:\/\/fiaf.net\/liguria\/wp-json\/wp\/v2\/types\/post"}],"author":[{"embeddable":true,"href":"https:\/\/fiaf.net\/liguria\/wp-json\/wp\/v2\/users\/47"}],"replies":[{"embeddable":true,"href":"https:\/\/fiaf.net\/liguria\/wp-json\/wp\/v2\/comments?post=1522"}],"version-history":[{"count":0,"href":"https:\/\/fiaf.net\/liguria\/wp-json\/wp\/v2\/posts\/1522\/revisions"}],"wp:featuredmedia":[{"embeddable":true,"href":"https:\/\/fiaf.net\/liguria\/wp-json\/wp\/v2\/media\/1523"}],"wp:attachment":[{"href":"https:\/\/fiaf.net\/liguria\/wp-json\/wp\/v2\/media?parent=1522"}],"wp:term":[{"taxonomy":"category","embeddable":true,"href":"https:\/\/fiaf.net\/liguria\/wp-json\/wp\/v2\/categories?post=1522"},{"taxonomy":"post_tag","embeddable":true,"href":"https:\/\/fiaf.net\/liguria\/wp-json\/wp\/v2\/tags?post=1522"}],"curies":[{"name":"wp","href":"https:\/\/api.w.org\/{rel}","templated":true}]}}