{"id":1801,"date":"2019-01-16T22:29:30","date_gmt":"2019-01-16T21:29:30","guid":{"rendered":"https:\/\/fiaf.net\/regioni\/liguria\/?p=1801"},"modified":"2019-01-16T22:29:30","modified_gmt":"2019-01-16T21:29:30","slug":"parliamo-di-fotografia-con-riccardo-muci","status":"publish","type":"post","link":"https:\/\/fiaf.net\/liguria\/parliamo-di-fotografia-con-riccardo-muci\/","title":{"rendered":"Parliamo di Fotografia con Riccardo Muci"},"content":{"rendered":"<p><strong>Venerd\u00ec 25 gennaio 2019 alle ore 21:00<\/strong><br \/>\n<strong>Il Circolo Fotografico &#8220;La Torre&#8221; di Arcola (La Spezia)<\/strong><br \/>\nc\/o Centro Sociale E.Bassano &#8211; Via delle Ville &#8211; Termo di Arcola (La Spezia)<\/p>\n<p><strong>Presenta: &#8220;Parliamo di Fotografia&#8221; con Riccardo Muci<\/strong><\/p>\n<p>Per la serie \u2018Serate con l\u2019Autore\u2019 il Circolo Fotografico \u2018La Torre di Arcola\u2019 propone, per il prossimo venerd\u00ec 25 Gennaio, un incontro con un fotografo toscano del Circolo \u2018Il Cupolone\u2019 di Firenze.<\/p>\n<p>L&#8217;ospite sar\u00e0: \u00a0Riccardo Muci, cultore del mondo interiore.<br \/>\nMuci \u00a0si avvicina al mondo della fotografia fin da bambino, in parte guidato dal padre, fotografando inizialmente un po\u2019 di tutto, ma con il passare del tempo si rende conto che i suoi scatti, seppure apparentemente slegati tra di loro, sono profondamente accomunati da un\u2019idea pi\u00f9 profonda, da un progetto che prende consapevolezza nel suo progressivo svilupparsi. Da qui Riccardo inizia a lavorare principalmente su Progetti alla ricerca sempre di un mondo interiore. Inizia con foto di studio allestendo un set fotografico per realizzare un suo primo progetto, tuttora in itinere, legato al mondo della donna allo scopo di ricercare la sensualit\u00e0 attraverso oggetti o dettagli del corpo femminile. Inizia in tale modo un Progetto aperto e in continua evoluzione sulla sensualit\u00e0, realizzato con una tecnica tra lo sfocato e il mosso: \u2018Evanescence\u2019.<br \/>\nL\u2019autore, con questa tecnica, non fotografa ci\u00f2 che \u00e8 evidente e davanti agli occhi di tutti, non vuole documentare la realt\u00e0, ma vuole lasciare spazio all\u2019osservatore affinch\u00e9 possa andare oltre l\u2019evidenza e cogliere ci\u00f2 che non si vede, ma si percepisce solo con uno sguardo diverso, uno sguardo che sappia andare oltre le apparenze.<br \/>\nMuci \u00e8 un autore che rifugge dalla fotografia omologata, a volte senza anima e alla spasmodica ricerca della tecnica perfetta, ma predilige andare alla ricerca di se\u2019 e, attraverso le sue immagini, colte quasi sempre vicino a casa, \u2018dietro l\u2019angolo\u2019, vuole trovare le risposte a quei quesiti che l\u2019uomo da sempre si pone. Per Riccardo Fotografare \u00e8 raccontare di se\u2019 e della propria anima.<br \/>\nRiccardo, presente in svariate mostre personali e collettive, ha ottenuto anche diversi riconoscimenti, quali la Pubblicazione di sue 12 immagini legate alla sensualit\u00e0 su Photo Francese nel 1996, l\u2019assegnazione del Primo Premio Rivista Hugo Boss, il Primo Premio Coppa del Mondo 2007 FIAP per Clubs, la sua partecipazione al Premio Letterario M. Buonarroti (sez. dedicata alla fotografia) di cui vince 2 sezioni e risulta secondo in una con i suoi paesaggi interiori&#8230;<br \/>\nRossella Priori.<\/p>\n<p>Vi aspettiamo numerosi!<\/p>\n\n    <div class=\"xs_social_share_widget xs_share_url after_content \t\tmain_content  wslu-style-1 wslu-share-box-shaped wslu-fill-colored wslu-none wslu-share-horizontal wslu-theme-font-no wslu-main_content\">\n\n\t\t\n        <ul>\n\t\t\t        <\/ul>\n    <\/div> \n","protected":false},"excerpt":{"rendered":"<p>Venerd\u00ec 25 gennaio 2019 alle ore 21:00 Il Circolo Fotografico &#8220;La Torre&#8221; di Arcola (La Spezia) c\/o Centro Sociale E.Bassano &hellip;<\/p>\n","protected":false},"author":47,"featured_media":1802,"comment_status":"closed","ping_status":"closed","sticky":false,"template":"","format":"standard","meta":{"_acf_changed":false,"footnotes":""},"categories":[2],"tags":[],"class_list":["post-1801","post","type-post","status-publish","format-standard","has-post-thumbnail","hentry","category-attivita-circoli"],"acf":[],"_links":{"self":[{"href":"https:\/\/fiaf.net\/liguria\/wp-json\/wp\/v2\/posts\/1801","targetHints":{"allow":["GET"]}}],"collection":[{"href":"https:\/\/fiaf.net\/liguria\/wp-json\/wp\/v2\/posts"}],"about":[{"href":"https:\/\/fiaf.net\/liguria\/wp-json\/wp\/v2\/types\/post"}],"author":[{"embeddable":true,"href":"https:\/\/fiaf.net\/liguria\/wp-json\/wp\/v2\/users\/47"}],"replies":[{"embeddable":true,"href":"https:\/\/fiaf.net\/liguria\/wp-json\/wp\/v2\/comments?post=1801"}],"version-history":[{"count":0,"href":"https:\/\/fiaf.net\/liguria\/wp-json\/wp\/v2\/posts\/1801\/revisions"}],"wp:featuredmedia":[{"embeddable":true,"href":"https:\/\/fiaf.net\/liguria\/wp-json\/wp\/v2\/media\/1802"}],"wp:attachment":[{"href":"https:\/\/fiaf.net\/liguria\/wp-json\/wp\/v2\/media?parent=1801"}],"wp:term":[{"taxonomy":"category","embeddable":true,"href":"https:\/\/fiaf.net\/liguria\/wp-json\/wp\/v2\/categories?post=1801"},{"taxonomy":"post_tag","embeddable":true,"href":"https:\/\/fiaf.net\/liguria\/wp-json\/wp\/v2\/tags?post=1801"}],"curies":[{"name":"wp","href":"https:\/\/api.w.org\/{rel}","templated":true}]}}