{"id":1840,"date":"2019-04-03T21:03:52","date_gmt":"2019-04-03T20:03:52","guid":{"rendered":"https:\/\/fiaf.net\/regioni\/liguria\/?p=1840"},"modified":"2019-04-03T21:03:52","modified_gmt":"2019-04-03T20:03:52","slug":"giorgio-negrino-tra-laos-e-cambogia-2001","status":"publish","type":"post","link":"https:\/\/fiaf.net\/liguria\/giorgio-negrino-tra-laos-e-cambogia-2001\/","title":{"rendered":"Giorgio Negrino: Tra Laos e Cambogia &#8211; 2001"},"content":{"rendered":"<p><strong>Presso Il Circolo Unificato Esercito<\/strong><br \/>\nVia San Vincenzo, 68 &#8211; Genova<br \/>\n<strong>Giorgio Negrino\u00a0<\/strong><br \/>\n<strong>Luned\u00ec 8 aprile 2019 alle ore 17<\/strong><\/p>\n<p><em>Presenta la sua Mostra<\/em>: <strong>Tra Laos e Cambogia -2001<br \/>\nFino al 15 Aprile 2019<br \/>\norario di visita h:10:00 &#8211; 18,30<\/strong><\/p>\n<p>&nbsp;<\/p>\n<p>La sua tecnica fotografica privilegia la persona, non che manchino i paesaggi, ma la sua ricerca da sempre volta alle genti che popolano i luoghi visitati, riuscendo cos\u00ec ad entrare in empatia con li stessi.<\/p>\n<p>Nel suo percorso ha avuto la possibilit\u00e0 prima di altri di visitare paesi ora di pi\u00f9 facile accesso, ma allora non cos\u00ec scontati, riportando reportage unici nel loro genere.<\/p>\n<p>Le sue fotografie non sfigurebbero accanto a quelle di \u00a0ben pi\u00f9 famosi fotografi affermati e delle pi\u00f9 iconografiche riviste di respiro internazionale.<\/p>\n<p>Dal 2007 \u00e8 stato riconosciuto Artista Fotografo Italiano. Ha esposto nelle pi\u00f9 prestigiose sedi culturali del nostro paese. Ha sempre seguito con attenzione e si \u00e8 fatto promotore di iniziative volte allo sviluppo di realt\u00e0 associative in campo fotografico.<\/p>\n<p>Roberto Armanino<br \/>\nPresidente del Gruppo Fotografico DLF Genova<\/p>\n\n    <div class=\"xs_social_share_widget xs_share_url after_content \t\tmain_content  wslu-style-1 wslu-share-box-shaped wslu-fill-colored wslu-none wslu-share-horizontal wslu-theme-font-no wslu-main_content\">\n\n\t\t\n        <ul>\n\t\t\t        <\/ul>\n    <\/div> \n","protected":false},"excerpt":{"rendered":"<p>Presso Il Circolo Unificato Esercito Via San Vincenzo, 68 &#8211; Genova Giorgio Negrino\u00a0 Luned\u00ec 8 aprile 2019 alle ore 17 &hellip;<\/p>\n","protected":false},"author":47,"featured_media":1841,"comment_status":"closed","ping_status":"closed","sticky":false,"template":"","format":"standard","meta":{"_acf_changed":false,"footnotes":""},"categories":[6],"tags":[],"class_list":["post-1840","post","type-post","status-publish","format-standard","has-post-thumbnail","hentry","category-mostre"],"acf":[],"_links":{"self":[{"href":"https:\/\/fiaf.net\/liguria\/wp-json\/wp\/v2\/posts\/1840","targetHints":{"allow":["GET"]}}],"collection":[{"href":"https:\/\/fiaf.net\/liguria\/wp-json\/wp\/v2\/posts"}],"about":[{"href":"https:\/\/fiaf.net\/liguria\/wp-json\/wp\/v2\/types\/post"}],"author":[{"embeddable":true,"href":"https:\/\/fiaf.net\/liguria\/wp-json\/wp\/v2\/users\/47"}],"replies":[{"embeddable":true,"href":"https:\/\/fiaf.net\/liguria\/wp-json\/wp\/v2\/comments?post=1840"}],"version-history":[{"count":0,"href":"https:\/\/fiaf.net\/liguria\/wp-json\/wp\/v2\/posts\/1840\/revisions"}],"wp:featuredmedia":[{"embeddable":true,"href":"https:\/\/fiaf.net\/liguria\/wp-json\/wp\/v2\/media\/1841"}],"wp:attachment":[{"href":"https:\/\/fiaf.net\/liguria\/wp-json\/wp\/v2\/media?parent=1840"}],"wp:term":[{"taxonomy":"category","embeddable":true,"href":"https:\/\/fiaf.net\/liguria\/wp-json\/wp\/v2\/categories?post=1840"},{"taxonomy":"post_tag","embeddable":true,"href":"https:\/\/fiaf.net\/liguria\/wp-json\/wp\/v2\/tags?post=1840"}],"curies":[{"name":"wp","href":"https:\/\/api.w.org\/{rel}","templated":true}]}}