{"id":3379,"date":"2018-05-31T09:26:55","date_gmt":"2018-05-31T07:26:55","guid":{"rendered":"https:\/\/fiaf.net\/regioni\/lombardia\/?p=3379"},"modified":"2018-05-31T09:26:55","modified_gmt":"2018-05-31T07:26:55","slug":"la-dove-cera-lerba","status":"publish","type":"post","link":"https:\/\/fiaf.net\/lombardia\/la-dove-cera-lerba\/","title":{"rendered":"L\u00e0 dove c&#8217;era l&#8217;erba&#8230;"},"content":{"rendered":"<p><a href=\"https:\/\/fiaf.net\/lombardia\/wp-content\/uploads\/sites\/5\/2018\/05\/cf-milanese-la-dove-c-era-l-erba-2018.png\"><img loading=\"lazy\" decoding=\"async\" class=\"aligncenter size-large wp-image-3380\" alt=\"cf milanese la dove c era l erba 2018\" src=\"https:\/\/fiaf.net\/lombardia\/wp-content\/uploads\/sites\/5\/2018\/05\/cf-milanese-la-dove-c-era-l-erba-2018-1024x487.png\" width=\"1024\" height=\"487\" \/><\/a><\/p>\n<p><b>MOSTRA FOTOGRAFICA &#8211; &#8220;L\u00c0 DOVE C\u2019ERA L\u2019ERBA\u2026&#8221;<br \/>\n\u201cPassato e presente delle periferie Milanesi\u201d<\/b><\/p>\n<p>&#8220;L\u00e0 dove c&#8217;era l&#8217;erba ora c&#8217;\u00e8 una citt\u00e0&#8221; cantava Adriano Celentano nella famosa canzone &#8220;Il ragazzo della Via Gluck&#8221;; quella che era una dimessa via di periferia \u00e8 adesso inglobata in una zona urbana, a due passi dalla Stazione Centrale. \u00c8 il segno della citt\u00e0 che cresce, si dilata, vive.<\/p>\n<p>Le periferie sono diventate un argomento centrale per la vita sociale di Milano, sia per la loro complessit\u00e0, sia per la dinamicit\u00e0 e le potenzialit\u00e0 che offrono. \u00c8 per questo motivo che i fotografi soci del Circolo Fotografico Milanese sono impegnati da diversi mesi in percorsi di osservazione urbana per documentare i vari aspetti legati alle zone meno centrali della citt\u00e0.<\/p>\n<p>&nbsp;<\/p>\n<p><b>Spazio SEICENTRO, via Savona 99, Milano<br \/>\n<\/b>Inaugurazione 7 giugno 2018 ore 18<br \/>\nDall\u20198 al 23 giugno \u2013 Orari: Lun-sab 10-19 &#8211; Dom 11-18:30<br \/>\nINGRESSO LIBERO<\/p>\n\n    <div class=\"xs_social_share_widget xs_share_url after_content \t\tmain_content  wslu-style-1 wslu-share-box-shaped wslu-fill-colored wslu-none wslu-share-horizontal wslu-theme-font-no wslu-main_content\">\n\n\t\t\n        <ul>\n\t\t\t        <\/ul>\n    <\/div> \n","protected":false},"excerpt":{"rendered":"<p>MOSTRA FOTOGRAFICA &#8211; &#8220;L\u00c0 DOVE C\u2019ERA L\u2019ERBA\u2026&#8221; \u201cPassato e presente delle periferie Milanesi\u201d &#8220;L\u00e0 dove c&#8217;era l&#8217;erba ora c&#8217;\u00e8 una &hellip;<\/p>\n","protected":false},"author":3,"featured_media":3380,"comment_status":"closed","ping_status":"closed","sticky":false,"template":"","format":"standard","meta":{"_acf_changed":false,"footnotes":""},"categories":[19],"tags":[],"class_list":["post-3379","post","type-post","status-publish","format-standard","has-post-thumbnail","hentry","category-mostre"],"acf":[],"_links":{"self":[{"href":"https:\/\/fiaf.net\/lombardia\/wp-json\/wp\/v2\/posts\/3379","targetHints":{"allow":["GET"]}}],"collection":[{"href":"https:\/\/fiaf.net\/lombardia\/wp-json\/wp\/v2\/posts"}],"about":[{"href":"https:\/\/fiaf.net\/lombardia\/wp-json\/wp\/v2\/types\/post"}],"author":[{"embeddable":true,"href":"https:\/\/fiaf.net\/lombardia\/wp-json\/wp\/v2\/users\/3"}],"replies":[{"embeddable":true,"href":"https:\/\/fiaf.net\/lombardia\/wp-json\/wp\/v2\/comments?post=3379"}],"version-history":[{"count":0,"href":"https:\/\/fiaf.net\/lombardia\/wp-json\/wp\/v2\/posts\/3379\/revisions"}],"wp:featuredmedia":[{"embeddable":true,"href":"https:\/\/fiaf.net\/lombardia\/wp-json\/wp\/v2\/media\/3380"}],"wp:attachment":[{"href":"https:\/\/fiaf.net\/lombardia\/wp-json\/wp\/v2\/media?parent=3379"}],"wp:term":[{"taxonomy":"category","embeddable":true,"href":"https:\/\/fiaf.net\/lombardia\/wp-json\/wp\/v2\/categories?post=3379"},{"taxonomy":"post_tag","embeddable":true,"href":"https:\/\/fiaf.net\/lombardia\/wp-json\/wp\/v2\/tags?post=3379"}],"curies":[{"name":"wp","href":"https:\/\/api.w.org\/{rel}","templated":true}]}}