{"id":3577,"date":"2018-11-17T23:40:34","date_gmt":"2018-11-17T21:40:34","guid":{"rendered":"https:\/\/fiaf.net\/regioni\/lombardia\/?p=3577"},"modified":"2018-11-17T23:40:34","modified_gmt":"2018-11-17T21:40:34","slug":"luciana-mulas-brescia","status":"publish","type":"post","link":"https:\/\/fiaf.net\/lombardia\/luciana-mulas-brescia\/","title":{"rendered":"Luciana Mulas &gt; Brescia"},"content":{"rendered":"<p>Grande mostra dedicata a Luciana Mulas, dal 12 gennaio 2019 al Museo Nazionale della Fotografia di Brescia.<\/p>\n<p><a href=\"https:\/\/fiaf.net\/lombardia\/wp-content\/uploads\/sites\/5\/2018\/11\/Luciana-Mulas-autoritratto.jpg\"><img loading=\"lazy\" decoding=\"async\" class=\"aligncenter size-full wp-image-3578\" alt=\"Luciana Mulas autoritratto\" src=\"https:\/\/fiaf.net\/lombardia\/wp-content\/uploads\/sites\/5\/2018\/11\/Luciana-Mulas-autoritratto.jpg\" width=\"485\" height=\"640\" srcset=\"https:\/\/fiaf.net\/lombardia\/wp-content\/uploads\/sites\/5\/2018\/11\/Luciana-Mulas-autoritratto.jpg 485w, https:\/\/fiaf.net\/lombardia\/wp-content\/uploads\/sites\/5\/2018\/11\/Luciana-Mulas-autoritratto-227x300.jpg 227w\" sizes=\"auto, (max-width: 485px) 100vw, 485px\" \/><\/a><\/p>\n<p>SABATO 12 GENNAIO 2019 ORE 17<br \/>\nsala mostre e conferenze Contrada Carmine, 2F Brescia<br \/>\nINAUGURAZIONE MOSTRA LUCIANA MULAS<br \/>\nI volti ed il teatro<\/p>\n<p>Da dicembre 2017 il Museo Nazionale della Fotografia di Brescia vanta una nuova acquisizione, l\u2019imponente archivio della fotografa Luciana Mulas, donato dalla figlia all\u2019istituzione bresciana. \u2028 Un patrimonio ingente che racconta una vita dedicata alla fotografia e che oggi viene valorizzato da una mostra ed un catalogo, curati da Luisa Bondoni.<\/p>\n<p>Luciana Mulas ha fotografato per trent\u2019anni i volti dei personaggi del panorama culturale tra gli anni &#8217;70 e gli inizi del nuovo millennio.<br \/>\nSappiamo che la fotografia \u00e8 una vocazione di famiglia: i fratelli Ugo, Maria e Mario sono fotografi , Mario Dondero e Franco Piavoli frequentano la casa Mulas a Pozzolengo, paese bresciano tra il Lago di Garda e le colline moreniche, all\u2019incrocio di tre province: Brescia, Mantova e Verona.<br \/>\nNel 1961 il passaggio al professionismo, Luciana inizia a fotografare con il fratello Mario gli spettacoli del Piccolo Teatro di Milano e nel capoluogo lombardo nel 1973 apre il proprio studio personale. In quegli anni Luciana \u00e8 ovunque, fotografa il Cenacolo di Leonardo per il New York Times, frequenta i teatri italiani di Milano, Genova, Prato, Torino, Brescia. Lavora inoltre per la Triennale di Milano e per i pi\u00f9 importanti festival teatrali e cinematografici.<br \/>\nLa mostra racconta due aspetti fondamentali nella produzione di Luciana Mulas: le fotografie realizzate a teatro ed i ritratti ai personaggi del mondo culturale tra la fine degli anni &#8217;60 e il nuovo millennio, oltre a foto di famiglia, provini a contatto, stampe di prova e manifesti di spettacoli teatrali.<\/p>\n<p>In esposizione fino al 3 febbraio 2019<br \/>\norari di esposizione marted\u00ec-mercoled\u00ec-gioved\u00ec 9\/12 sabato e domenica 16\/19<\/p>\n<p>per informazioni:<br \/>\nmuseobrescia@museobrescia.net<br \/>\n030 49137 339 8639608<\/p>\n\n    <div class=\"xs_social_share_widget xs_share_url after_content \t\tmain_content  wslu-style-1 wslu-share-box-shaped wslu-fill-colored wslu-none wslu-share-horizontal wslu-theme-font-no wslu-main_content\">\n\n\t\t\n        <ul>\n\t\t\t        <\/ul>\n    <\/div> \n","protected":false},"excerpt":{"rendered":"<p>Grande mostra dedicata a Luciana Mulas, dal 12 gennaio 2019 al Museo Nazionale della Fotografia di Brescia. SABATO 12 GENNAIO &hellip;<\/p>\n","protected":false},"author":3,"featured_media":3578,"comment_status":"closed","ping_status":"closed","sticky":false,"template":"","format":"standard","meta":{"_acf_changed":false,"footnotes":""},"categories":[19],"tags":[],"class_list":["post-3577","post","type-post","status-publish","format-standard","has-post-thumbnail","hentry","category-mostre"],"acf":[],"_links":{"self":[{"href":"https:\/\/fiaf.net\/lombardia\/wp-json\/wp\/v2\/posts\/3577","targetHints":{"allow":["GET"]}}],"collection":[{"href":"https:\/\/fiaf.net\/lombardia\/wp-json\/wp\/v2\/posts"}],"about":[{"href":"https:\/\/fiaf.net\/lombardia\/wp-json\/wp\/v2\/types\/post"}],"author":[{"embeddable":true,"href":"https:\/\/fiaf.net\/lombardia\/wp-json\/wp\/v2\/users\/3"}],"replies":[{"embeddable":true,"href":"https:\/\/fiaf.net\/lombardia\/wp-json\/wp\/v2\/comments?post=3577"}],"version-history":[{"count":0,"href":"https:\/\/fiaf.net\/lombardia\/wp-json\/wp\/v2\/posts\/3577\/revisions"}],"wp:featuredmedia":[{"embeddable":true,"href":"https:\/\/fiaf.net\/lombardia\/wp-json\/wp\/v2\/media\/3578"}],"wp:attachment":[{"href":"https:\/\/fiaf.net\/lombardia\/wp-json\/wp\/v2\/media?parent=3577"}],"wp:term":[{"taxonomy":"category","embeddable":true,"href":"https:\/\/fiaf.net\/lombardia\/wp-json\/wp\/v2\/categories?post=3577"},{"taxonomy":"post_tag","embeddable":true,"href":"https:\/\/fiaf.net\/lombardia\/wp-json\/wp\/v2\/tags?post=3577"}],"curies":[{"name":"wp","href":"https:\/\/api.w.org\/{rel}","templated":true}]}}