{"id":3646,"date":"2019-03-05T13:04:11","date_gmt":"2019-03-05T11:04:11","guid":{"rendered":"https:\/\/fiaf.net\/regioni\/lombardia\/?p=3646"},"modified":"2019-03-05T13:04:11","modified_gmt":"2019-03-05T11:04:11","slug":"portfolio","status":"publish","type":"post","link":"https:\/\/fiaf.net\/lombardia\/portfolio\/","title":{"rendered":"PORTFOLIO"},"content":{"rendered":"<blockquote><p><b>PORTFOLIO<\/b><\/p><\/blockquote>\n<div>\n<div>\n<div>\n<div dir=\"ltr\">\n<div>\n<div lang=\"IT\">\n<div>\n<div>\n<blockquote><p><b>Domenica 24 Marzo 2019<\/b>\u00a0Foto Club &#8220;Il Castello&#8221; organizza\u00a0<b>PORTFOLIO<\/b>\u00a0un seminario di una giornata tenuto dalla\u00a0<b>Dott. Luisa Bondoni<\/b>per capire cos&#8217;\u00e8 il portfolio fotografico e come realizzarlo.<\/p><\/blockquote>\n<p>&nbsp;<\/p>\n<p><b>Contributo di partecipazione:<\/b><br \/>\nEuro 20,00<br \/>\nEuro 15,00 Soci del Foto Club &#8220;il Castello&#8221;<\/p>\n<p><b>Presso Consulta Giovani<br \/>\nVia Puccini 4, Castel Goffredo (MN)<\/b><br \/>\n(edificio scuola primaria piano terra)<\/p>\n<p><b><br \/>\nPROGRAMMA WORKSHOP<\/b><\/p>\n<p>ORE 10:00 \/ 12:00 &#8211; introduzione al portfolio<br \/>\nORE 12:30 \/ 14:00 &#8211; pausa pranzo<br \/>\nORE 14:00 \/ 15:30 &#8211; i partecipanti dovranno realizzare un mini portfolio di nr. 3\/5 fotografie<br \/>\nORE 15:30 \/ 18:00 &#8211; lettura delle fotografie realizzate<\/p>\n<p><b>DESCRIZIONE WORKSHOP<\/b><\/p>\n<p>La mattina verr\u00e0 spiegato il portfolio, attraverso esempi tratti anche dalla storia della fotografia e verranno date indicazioni su come realizzarlo.<br \/>\nPartendo dalla definizione di fotografia e cercando di dare alcune chiavi di lettura dell\u2019immagine, un atto sempre pi\u00f9 consapevole nell\u2019epoca storica che stiamo vivendo, l\u2019incontro vuole porre le basi per definire il portfolio fotografico, che altro non \u00e8 che una serie coerente di fotografie che pu\u00f2 avere diversi scopi e funzioni.<br \/>\nAttraverso la proiezioni di portfoli di importanti fotografi internazionali, verranno approfonditi alcuni spunti e direttive per la realizzazione di un progetto che non sar\u00e0 solo un racconto che metter\u00e0 in luce le capacit\u00e0 del fotografo, la sua fantasia, il suo stile, la sua capacit\u00e0 di comunicare.<br \/>\nIn un portfolio le fotografie hanno solitamente la capacit\u00e0 di comunicare qualcosa e trasmettere emozioni, nella libert\u00e0 di espressione di ciascun fotografo.<\/p>\n<p>Dopo la pausa pranzo, i partecipanti avranno un&#8217;ora e mezza di tempo per realizzare un mini progetto da 3\/5 fotografie, portfolio che verranno poi letti da Luisa Bondoni nella seconda parte del pomeriggio.<\/p>\n<p><b>ISCRIZIONE WORKSHOP<\/b><\/p>\n<p>Per l&#8217;iscrizione \u00e8 necessario compilare un modello di iscrizione che potrete scaricare, nel formato a voi pi\u00f9 compatibile, ai seguenti link:<\/p>\n<p>Modulo iscrizione in formato .doc<br \/>\n<a href=\"https:\/\/l.facebook.com\/l.php?u=https%3A%2F%2Fwww.dropbox.com%2Fs%2Fyws6gj91gfgt0bh%2Fmodulo_iscrizione_NOME_COGNOME.doc%3Fdl%3D0%26fbclid%3DIwAR1hRFM9t7osC_aQinMb4hiPfizOb_8BqwXpOIsbwig4HI9WbO2LCwbSzC4&amp;h=AT3Pgq0hmeIiyNNj4qcmfxMwqZDhdJineKyuohbPi5WIgZmy1qbT-Xl8FH5O0MfCMkYVD6sQdbq9eBF8RL_k04v4s1wtzZBYPc5guDKkSJ2cEUB_WKrxBPTxpUIb25ZjEw\" target=\"_blank\" data-saferedirecturl=\"https:\/\/www.google.com\/url?q=https:\/\/l.facebook.com\/l.php?u%3Dhttps%253A%252F%252Fwww.dropbox.com%252Fs%252Fyws6gj91gfgt0bh%252Fmodulo_iscrizione_NOME_COGNOME.doc%253Fdl%253D0%2526fbclid%253DIwAR1hRFM9t7osC_aQinMb4hiPfizOb_8BqwXpOIsbwig4HI9WbO2LCwbSzC4%26h%3DAT3Pgq0hmeIiyNNj4qcmfxMwqZDhdJineKyuohbPi5WIgZmy1qbT-Xl8FH5O0MfCMkYVD6sQdbq9eBF8RL_k04v4s1wtzZBYPc5guDKkSJ2cEUB_WKrxBPTxpUIb25ZjEw&amp;source=gmail&amp;ust=1551869995097000&amp;usg=AFQjCNH2O-YzZA9idzECZJ0C0hdmEvQWoA\" rel=\"noopener\">https:\/\/www.dropbox.com\/s\/yws6gj91gfgt0bh\/modulo_iscrizione_NOME_COGNOME.doc?dl=0<\/a><\/p>\n<p>Modulo iscrizione in formato .pdf<br \/>\n<a href=\"https:\/\/l.facebook.com\/l.php?u=https%3A%2F%2Fwww.dropbox.com%2Fs%2Fkm8xzmerchnw0s7%2Fmodulo_iscrizione_NOME_COGNOME.pdf%3Fdl%3D0%26fbclid%3DIwAR2fZf17SmE41n2rrzCS0_O7ZTod2sfajh3nvPMHt8CIQofqcPb2acFobAI&amp;h=AT2k4uBQwdRmeUlJVbrKHJxKutnWh86YaWdd73zocbfB6N9kIa0P1lGq2feADH1-t1MJsKBhO9C3ONcFOdYN97dAPyx7sfsclT0bfgn1R1KQGejdNpDNdoXhMaDkME4ePg\" target=\"_blank\" data-saferedirecturl=\"https:\/\/www.google.com\/url?q=https:\/\/l.facebook.com\/l.php?u%3Dhttps%253A%252F%252Fwww.dropbox.com%252Fs%252Fkm8xzmerchnw0s7%252Fmodulo_iscrizione_NOME_COGNOME.pdf%253Fdl%253D0%2526fbclid%253DIwAR2fZf17SmE41n2rrzCS0_O7ZTod2sfajh3nvPMHt8CIQofqcPb2acFobAI%26h%3DAT2k4uBQwdRmeUlJVbrKHJxKutnWh86YaWdd73zocbfB6N9kIa0P1lGq2feADH1-t1MJsKBhO9C3ONcFOdYN97dAPyx7sfsclT0bfgn1R1KQGejdNpDNdoXhMaDkME4ePg&amp;source=gmail&amp;ust=1551869995097000&amp;usg=AFQjCNGyM2WmbCLvvQro47MgJ_ja3vwv5A\" rel=\"noopener\">https:\/\/www.dropbox.com\/s\/km8xzmerchnw0s7\/modulo_iscrizione_NOME_COGNOME.pdf?dl=0<\/a><\/p>\n<p>Modulo iscrizione in formato .odt<br \/>\n<a href=\"https:\/\/l.facebook.com\/l.php?u=https%3A%2F%2Fwww.dropbox.com%2Fs%2Fpwhz2zrlou5luyh%2Fmodulo_iscrizione_NOME_COGNOME.odt%3Fdl%3D0%26fbclid%3DIwAR3j5wOJpvT_ICfB8LJOnVvvV6uEP2rWnBGGlyVQUa9tL8R67zHqRdB1BJA&amp;h=AT1RCB_W0rrmqLuZjjV6APL6XUiT6aDWoPjvzUFpCoKHvLN0iUyQQXaJivolRcRYjkCCivuAn1UaA5adQVbLrTl8EXOBSuwiwWY-MfCHlaiPE1DpAMUm_cuWu4QPjETOtg\" target=\"_blank\" data-saferedirecturl=\"https:\/\/www.google.com\/url?q=https:\/\/l.facebook.com\/l.php?u%3Dhttps%253A%252F%252Fwww.dropbox.com%252Fs%252Fpwhz2zrlou5luyh%252Fmodulo_iscrizione_NOME_COGNOME.odt%253Fdl%253D0%2526fbclid%253DIwAR3j5wOJpvT_ICfB8LJOnVvvV6uEP2rWnBGGlyVQUa9tL8R67zHqRdB1BJA%26h%3DAT1RCB_W0rrmqLuZjjV6APL6XUiT6aDWoPjvzUFpCoKHvLN0iUyQQXaJivolRcRYjkCCivuAn1UaA5adQVbLrTl8EXOBSuwiwWY-MfCHlaiPE1DpAMUm_cuWu4QPjETOtg&amp;source=gmail&amp;ust=1551869995097000&amp;usg=AFQjCNFeXpIsa6Chzy1U9umPnOkPgDwnMQ\" rel=\"noopener\">https:\/\/www.dropbox.com\/s\/pwhz2zrlou5luyh\/modulo_iscrizione_NOME_COGNOME.odt?dl=0<\/a><\/p>\n<p>Il modello dovr\u00e0 essere compilato in tutte le sue parti ed inviato all&#8217;indirizzo email\u00a0<a href=\"mailto:ilcastellofoto@gmail.com\" target=\"_blank\" rel=\"noopener\">ilcastellofoto@gmail.com<\/a><br \/>\nIl pagamento del contributo di partecipazione sar\u00e0 richiesto in loco il giorno dell&#8217;evento.<\/p>\n<p>Il workshop prevede un numero massimo di 20 parteciparti.<\/p>\n<p><b><br \/>\nBIOGRAFIA LUISA BONDONI<\/b><\/p>\n<\/div>\n<div>\n<p><b><br \/>\n<\/b>Nasce a Brescia nel 1981, dove oggi vive e lavora. Si laurea in Conservazione dei Beni Culturali nel 2006 presso la Facolt\u00e0 di Lettere e Filosofia dell\u2019Universit\u00e0 degli Studi di Parma con una tesi in storia della fotografia (\u201cIl fondo Giuseppe Palazzi \u201d relatore: Lucia Miodini \u2013 Correlatore Arturo Carlo Quintavalle). Nel 2004 inizia la sua collaborazione con il Museo Nazionale della Fotografia di Brescia di cui oggi \u00e8 la Curatrice museale. Dal 2004 al 2011 ha lavorato come guida all\u2019interno del museo della citt\u00e0 di Brescia Santa Giulia in occasione delle grandi mostre organizzate prima da Linea d\u2019Ombra e poi Artematica e presso il Vittoriale degli Italiani a Gardone Riviera. Tiene corsi, workshop e conferenze dedicate alla fotografia e ai suoi protagonisti, laboratori per bambini, si occupa inoltre della curatela di mostre e realizzazione di testi critici per cataloghi e giurie di concorsi fotografici.<\/p>\n<div>\n<p>&nbsp;<\/p>\n<\/div>\n<div>\n<p>Clicca qui per visualizzare l&#8217;evento facebook:<\/p>\n<\/div>\n<div>\n<p><a href=\"https:\/\/www.facebook.com\/events\/682712488793258\/\" target=\"_blank\" data-saferedirecturl=\"https:\/\/www.google.com\/url?q=https:\/\/www.facebook.com\/events\/682712488793258\/&amp;source=gmail&amp;ust=1551869995098000&amp;usg=AFQjCNFz2EqJgv-sCg3eoLwR3T_VGXAp2g\" rel=\"noopener\">https:\/\/www.facebook.com\/events\/682712488793258\/<\/a><\/p>\n<p>&nbsp;<\/p>\n<p><a href=\"https:\/\/fiaf.net\/lombardia\/wp-content\/uploads\/sites\/5\/2019\/03\/Locandina_Portfolio-di-Luisa-Bondoni.jpg\"><img loading=\"lazy\" decoding=\"async\" class=\"alignnone size-large wp-image-3647\" alt=\"Locandina_Portfolio di Luisa Bondoni\" src=\"https:\/\/fiaf.net\/lombardia\/wp-content\/uploads\/sites\/5\/2019\/03\/Locandina_Portfolio-di-Luisa-Bondoni-724x1024.jpg\" width=\"724\" height=\"1024\" srcset=\"https:\/\/fiaf.net\/lombardia\/wp-content\/uploads\/sites\/5\/2019\/03\/Locandina_Portfolio-di-Luisa-Bondoni-724x1024.jpg 724w, https:\/\/fiaf.net\/lombardia\/wp-content\/uploads\/sites\/5\/2019\/03\/Locandina_Portfolio-di-Luisa-Bondoni-212x300.jpg 212w, https:\/\/fiaf.net\/lombardia\/wp-content\/uploads\/sites\/5\/2019\/03\/Locandina_Portfolio-di-Luisa-Bondoni-768x1086.jpg 768w, https:\/\/fiaf.net\/lombardia\/wp-content\/uploads\/sites\/5\/2019\/03\/Locandina_Portfolio-di-Luisa-Bondoni-1086x1536.jpg 1086w, https:\/\/fiaf.net\/lombardia\/wp-content\/uploads\/sites\/5\/2019\/03\/Locandina_Portfolio-di-Luisa-Bondoni-1448x2048.jpg 1448w, https:\/\/fiaf.net\/lombardia\/wp-content\/uploads\/sites\/5\/2019\/03\/Locandina_Portfolio-di-Luisa-Bondoni.jpg 1754w\" sizes=\"auto, (max-width: 724px) 100vw, 724px\" \/><\/a><\/p>\n<\/div>\n<\/div>\n<\/div>\n<\/div>\n<\/div>\n<\/div>\n<div><\/div>\n<div><\/div>\n<\/div>\n<\/div>\n<div>\n<div><\/div>\n<div><\/div>\n<\/div>\n<div><\/div>\n<\/div>\n<p>&nbsp;<\/p>\n<p>&nbsp;<\/p>\n\n    <div class=\"xs_social_share_widget xs_share_url after_content \t\tmain_content  wslu-style-1 wslu-share-box-shaped wslu-fill-colored wslu-none wslu-share-horizontal wslu-theme-font-no wslu-main_content\">\n\n\t\t\n        <ul>\n\t\t\t        <\/ul>\n    <\/div> \n","protected":false},"excerpt":{"rendered":"<p>PORTFOLIO Domenica 24 Marzo 2019\u00a0Foto Club &#8220;Il Castello&#8221; organizza\u00a0PORTFOLIO\u00a0un seminario di una giornata tenuto dalla\u00a0Dott. Luisa Bondoniper capire cos&#8217;\u00e8 il &hellip;<\/p>\n","protected":false},"author":3,"featured_media":3647,"comment_status":"closed","ping_status":"closed","sticky":false,"template":"","format":"standard","meta":{"_acf_changed":false,"footnotes":""},"categories":[2,3],"tags":[],"class_list":["post-3646","post","type-post","status-publish","format-standard","has-post-thumbnail","hentry","category-attivita-circoli","category-attivita-circoli-corsi"],"acf":[],"_links":{"self":[{"href":"https:\/\/fiaf.net\/lombardia\/wp-json\/wp\/v2\/posts\/3646","targetHints":{"allow":["GET"]}}],"collection":[{"href":"https:\/\/fiaf.net\/lombardia\/wp-json\/wp\/v2\/posts"}],"about":[{"href":"https:\/\/fiaf.net\/lombardia\/wp-json\/wp\/v2\/types\/post"}],"author":[{"embeddable":true,"href":"https:\/\/fiaf.net\/lombardia\/wp-json\/wp\/v2\/users\/3"}],"replies":[{"embeddable":true,"href":"https:\/\/fiaf.net\/lombardia\/wp-json\/wp\/v2\/comments?post=3646"}],"version-history":[{"count":0,"href":"https:\/\/fiaf.net\/lombardia\/wp-json\/wp\/v2\/posts\/3646\/revisions"}],"wp:featuredmedia":[{"embeddable":true,"href":"https:\/\/fiaf.net\/lombardia\/wp-json\/wp\/v2\/media\/3647"}],"wp:attachment":[{"href":"https:\/\/fiaf.net\/lombardia\/wp-json\/wp\/v2\/media?parent=3646"}],"wp:term":[{"taxonomy":"category","embeddable":true,"href":"https:\/\/fiaf.net\/lombardia\/wp-json\/wp\/v2\/categories?post=3646"},{"taxonomy":"post_tag","embeddable":true,"href":"https:\/\/fiaf.net\/lombardia\/wp-json\/wp\/v2\/tags?post=3646"}],"curies":[{"name":"wp","href":"https:\/\/api.w.org\/{rel}","templated":true}]}}