{"id":4503,"date":"2022-02-03T19:34:54","date_gmt":"2022-02-03T18:34:54","guid":{"rendered":"https:\/\/fiaf.net\/lombardia\/?p=4503"},"modified":"2022-02-03T19:34:54","modified_gmt":"2022-02-03T18:34:54","slug":"inaugurazione-mostra-massimo-alfano-autore-fiaf-lombardia-2019","status":"publish","type":"post","link":"https:\/\/fiaf.net\/lombardia\/inaugurazione-mostra-massimo-alfano-autore-fiaf-lombardia-2019\/","title":{"rendered":"Inaugurazione mostra MASSIMO ALFANO AUTORE FIAF LOMBARDIA 2019"},"content":{"rendered":"<div class=\"bi6gxh9e aov4n071\">\n<h2 class=\"gmql0nx0 l94mrbxd p1ri9a11 lzcic4wl d2edcug0 hpfvmrgz\"><span class=\"d2edcug0 hpfvmrgz qv66sw1b c1et5uql oi732d6d ik7dh3pa ht8s03o8 a8c37x1j fe6kdd0r mau55g9w c8b282yb keod5gw0 nxhoafnm aigsh9s9 d9wwppkn iv3no6db jq4qci2q a3bd9o3v hnhda86s jdix4yx3 hzawbc8m\" dir=\"auto\">SABATO 12 FEBBRAIO 2022 ALLE ORE 17:00<\/span><\/h2>\n<\/div>\n<div class=\"bi6gxh9e aov4n071\">\n<h2 class=\"gmql0nx0 l94mrbxd p1ri9a11 lzcic4wl d2edcug0 hpfvmrgz\"><span class=\"d2edcug0 hpfvmrgz qv66sw1b c1et5uql oi732d6d ik7dh3pa ht8s03o8 a8c37x1j fe6kdd0r mau55g9w c8b282yb keod5gw0 nxhoafnm aigsh9s9 ns63r2gh rwim8176 m6dqt4wy h7mekvxk hnhda86s oo9gr5id hzawbc8m\" dir=\"auto\"><span class=\"a8c37x1j ni8dbmo4 stjgntxs l9j0dhe7\"><span class=\"\">Inaugurazione mostra MASSIMO ALFANO AUTORE FIAF LOMBARDIA 2019<\/span><\/span><\/span><\/h2>\n<\/div>\n<div class=\"bi6gxh9e aov4n071\"><span class=\"d2edcug0 hpfvmrgz qv66sw1b c1et5uql oi732d6d ik7dh3pa ht8s03o8 a8c37x1j fe6kdd0r mau55g9w c8b282yb keod5gw0 nxhoafnm aigsh9s9 d9wwppkn iv3no6db a5q79mjw g1cxx5fr b1v8xokw m9osqain hzawbc8m\" dir=\"auto\"><span class=\"a8c37x1j ni8dbmo4 stjgntxs l9j0dhe7 ltmttdrg g0qnabr5\">Museo Nazionale della Fotografia Brescia<\/span><\/span><\/div>\n<div>\n<div class=\"kvgmc6g5 cxmmr5t8 oygrvhab hcukyx3x c1et5uql\">MASSIMO ALFANO<br \/>\nAUTORE FIAF LOMBARDIA 2019<\/div>\n<div class=\"cxmmr5t8 oygrvhab hcukyx3x c1et5uql o9v6fnle\">Scelto come Autore Fiaf 2019 espone al Museo tre progetti fotografici:<br \/>\nCATALOGO KLIMA in cui ha immaginato un ipotetico mondo dove tutto ci\u00f2 che troviamo in natura, \u00e8 privatizzato e quindi pu\u00f2 essere acquistato. Ad esempio, \u00e8 possibile acquistare, l&#8217;aria, il vento o una nuvola?<br \/>\nHa trasformato la parola Clima in Klima e scimmiottando un famoso marchio di arredamento svedese ha costruito un catalogo dell&#8217;assurdo, dove ogni cosa \u00e8 considerata un prodotto, il tutto infarcito di un linguaggio tipico della pubblicit\u00e0 ma che spesso diventa demenziale e satirico.<br \/>\nPUBLIC CAMERA<br \/>\nLA QUOTIDIANIT\u00c0 DI UN POSTO SCONOSCIUTO. E\u2019 possibile fotografare la quotidianit\u00e0? Forse ci sono tanti modi per farlo. Ha scelto di fotografare tutti i giorni lo stesso posto per quasi un anno intero. Dal 1\u00b0 gennaio al 9 settembre 2016 si \u00e8 collegato quotidianamente ad una telecamera pubblica di un posto a lui sconosciuto, poi la webcam ha smesso di funzionare. Ha aspettato il momento giusto e &#8220;scattato&#8221; facendo uno screenshot con il pc. L\u2019inquadratura e il soggetto sono sempre gli stessi, quello che cambia \u00e8 ci\u00f2 che accade: un giorno piove, un giorno c\u2019\u00e8 il sole, un giorno passa qualcuno altri giorni no. Anche se tutti i giorni sembrano uguali, in realt\u00e0 ognuno \u00e8 diverso dall\u2019altro a volte anche solo per un piccolo dettaglio. In fondo anche questo aspetto fa parte della quotidianit\u00e0.<br \/>\nUNA SETTIMANA DA IMBALLO. Quanti rifiuti da imballo produce una famiglia in una settimana solo per mangiare? Pi\u00f9 di quanto immaginiamo. La raccolta differenziata \u00e8 sicuramente un primo passo, ma non basta. Ognuno pu\u00f2 fare la sua parte, a cominciare da come facciamo la spesa.<\/div>\n<div class=\"cxmmr5t8 oygrvhab hcukyx3x c1et5uql o9v6fnle\">Massimo Alfano abita a Rovato in provincia di Brescia ed \u00e8 appassionato di fotografia dal 2006. Fa parte dell\u2019Associazione fotografica \u201cOltre lo sguardo\u201d di Erbusco<br \/>\nGli piace pensare alla fotografia come ad una forma d\u2019arte, ma nello stesso tempo anche come ad un mezzo per documentare il nostro tempo. Predilige la fotografia di ritratto, di reportage e di street. C\u2019\u00e8 una cosa che ha scoperto essere cresciuta in questi anni nella mia fotografia, ed \u00e8 l\u2019interesse al progetto piuttosto che alla fotografia singola. Progetti che richiedono tempo, ricerca ed un certo approfondimento dell&#8217;argomento. Ama descrivere i fenomeni sociologici della quotidianit\u00e0, soprattutto quelli che lo riguardano a volte come cittadino e a volte come padre.<\/div>\n<\/div>\n<div><\/div>\n<div><img loading=\"lazy\" decoding=\"async\" class=\"alignnone size-medium wp-image-4504\" src=\"https:\/\/fiaf.net\/lombardia\/wp-content\/uploads\/sites\/5\/2022\/02\/273143100_5106409659370162_9191515793671399633_n-212x300.jpg\" alt=\"\" width=\"212\" height=\"300\" srcset=\"https:\/\/fiaf.net\/lombardia\/wp-content\/uploads\/sites\/5\/2022\/02\/273143100_5106409659370162_9191515793671399633_n-212x300.jpg 212w, https:\/\/fiaf.net\/lombardia\/wp-content\/uploads\/sites\/5\/2022\/02\/273143100_5106409659370162_9191515793671399633_n-724x1024.jpg 724w, https:\/\/fiaf.net\/lombardia\/wp-content\/uploads\/sites\/5\/2022\/02\/273143100_5106409659370162_9191515793671399633_n-768x1086.jpg 768w, https:\/\/fiaf.net\/lombardia\/wp-content\/uploads\/sites\/5\/2022\/02\/273143100_5106409659370162_9191515793671399633_n-1086x1536.jpg 1086w, https:\/\/fiaf.net\/lombardia\/wp-content\/uploads\/sites\/5\/2022\/02\/273143100_5106409659370162_9191515793671399633_n.jpg 1448w\" sizes=\"auto, (max-width: 212px) 100vw, 212px\" \/><\/div>\n<div><\/div>\n\n    <div class=\"xs_social_share_widget xs_share_url after_content \t\tmain_content  wslu-style-1 wslu-share-box-shaped wslu-fill-colored wslu-none wslu-share-horizontal wslu-theme-font-no wslu-main_content\">\n\n\t\t\n        <ul>\n\t\t\t        <\/ul>\n    <\/div> \n","protected":false},"excerpt":{"rendered":"<p>SABATO 12 FEBBRAIO 2022 ALLE ORE 17:00 Inaugurazione mostra MASSIMO ALFANO AUTORE FIAF LOMBARDIA 2019 Museo Nazionale della Fotografia Brescia &hellip;<\/p>\n","protected":false},"author":3,"featured_media":4504,"comment_status":"closed","ping_status":"closed","sticky":false,"template":"","format":"standard","meta":{"_acf_changed":false,"footnotes":""},"categories":[2,5,12,19],"tags":[],"class_list":["post-4503","post","type-post","status-publish","format-standard","has-post-thumbnail","hentry","category-attivita-circoli","category-comunicazioni","category-gallerie","category-mostre"],"acf":[],"_links":{"self":[{"href":"https:\/\/fiaf.net\/lombardia\/wp-json\/wp\/v2\/posts\/4503","targetHints":{"allow":["GET"]}}],"collection":[{"href":"https:\/\/fiaf.net\/lombardia\/wp-json\/wp\/v2\/posts"}],"about":[{"href":"https:\/\/fiaf.net\/lombardia\/wp-json\/wp\/v2\/types\/post"}],"author":[{"embeddable":true,"href":"https:\/\/fiaf.net\/lombardia\/wp-json\/wp\/v2\/users\/3"}],"replies":[{"embeddable":true,"href":"https:\/\/fiaf.net\/lombardia\/wp-json\/wp\/v2\/comments?post=4503"}],"version-history":[{"count":1,"href":"https:\/\/fiaf.net\/lombardia\/wp-json\/wp\/v2\/posts\/4503\/revisions"}],"predecessor-version":[{"id":4505,"href":"https:\/\/fiaf.net\/lombardia\/wp-json\/wp\/v2\/posts\/4503\/revisions\/4505"}],"wp:featuredmedia":[{"embeddable":true,"href":"https:\/\/fiaf.net\/lombardia\/wp-json\/wp\/v2\/media\/4504"}],"wp:attachment":[{"href":"https:\/\/fiaf.net\/lombardia\/wp-json\/wp\/v2\/media?parent=4503"}],"wp:term":[{"taxonomy":"category","embeddable":true,"href":"https:\/\/fiaf.net\/lombardia\/wp-json\/wp\/v2\/categories?post=4503"},{"taxonomy":"post_tag","embeddable":true,"href":"https:\/\/fiaf.net\/lombardia\/wp-json\/wp\/v2\/tags?post=4503"}],"curies":[{"name":"wp","href":"https:\/\/api.w.org\/{rel}","templated":true}]}}