{"id":4741,"date":"2022-08-01T16:54:09","date_gmt":"2022-08-01T14:54:09","guid":{"rendered":"https:\/\/fiaf.net\/lombardia\/?p=4741"},"modified":"2022-08-02T10:01:00","modified_gmt":"2022-08-02T08:01:00","slug":"bando-per-partecipazione-espositiva-individuale-allo-spazio-extra-off-del-rff-ricarica-foto-festival","status":"publish","type":"post","link":"https:\/\/fiaf.net\/lombardia\/bando-per-partecipazione-espositiva-individuale-allo-spazio-extra-off-del-rff-ricarica-foto-festival\/","title":{"rendered":"Bando per partecipazione espositiva individuale allo Spazio Extra Off del RFF Ricarica Foto Festival"},"content":{"rendered":"<div class=\"page\" title=\"Page 1\">\n<div class=\"layoutArea\">\n<div class=\"column\">\n<div class=\"page\" title=\"Page 1\">\n<div class=\"layoutArea\">\n<div class=\"column\">\n<p><strong>Oggetto: Bando per partecipazione espositiva individuale allo Spazio Extra Off del RFF Ricarica Foto Festival 2022 a Sustinente (MN) nei 4 weekend di settembre<\/strong><\/p>\n<p>A seguito di mancate adesioni ad esporre presso l\u2019area appendice al programma ufficiale del RFF2022, individuata come Spazio Extra Off, con invito promosso con precedente comunicato email, rivolto in primis alle Associazioni Fotografiche della Provincia di Mantova, i referenti alla gestione di questa opportunit\u00e0, coadiuvati dal Delegato FIAF provincia di Mantova, indicano il Sig. Pietro Forti, nominato Direttore Artistico dello Spazio, affinch\u00e8 formi un prospetto e scaletta di Autori al poter esporre alternativamente ogni weekend con criteri pi\u00f9 liberi ed allargati al fine di avere la miglior qualit\u00e0 artistica possibile come presenza da affiancare al Festival.<\/p>\n<p>Al Direttore Artistico dovranno pervenire segnalazioni, anche individuali, per la partecipazione che saranno valutate secondo alcuni criteri per noi fondamentali.<\/p>\n<p>\u00c8 auspicato che possano essere presentati lavori fotografici in tema con la linea del Festival (\u201cRapporto tra uomo ambiente e territorio\u201d e\/o \u201cRigenerazione urbana\u201d), ma saranno ben considerate proposte fotografiche che puntano ad una originalit\u00e0 artistica per variare il pi\u00f9 possibile la visione interpretativa del \u201cfare fotografia\u201d.<\/p>\n<p>Verr\u00e0 mantenuto rigidamente il criterio rivolto alla pari opportunit\u00e0 di genere e, ad ogni esposizione settimanale, sar\u00e0 equilibrata la presenza di Autori ed Autrici (suddivisione a cura del Direttore artistico);<\/p>\n<p><strong>La presenza ad esporre allo Spazio Extra Off \u00e8 interamente Gratuiti, ma con l\u2019obbligo di presenza degli Autori durante i 2 giorni d\u2019esposizione (pertanto indicare quali l\u2019eventuali weekend si abbia disponibilit\u00e0).<\/strong><\/p>\n<p>Il Festival avr\u00e0 aree espositive prevalentemente situate in spazi aperti (per tale ragione le foto ufficiali del programma del RFF sono strutturate per resistere alle intemperie per tutto il mese di settembre), ma lo spazio per questa proposta Extra \u00e8 stato individuato con la possibilit\u00e0 di esporre a centro cortile se nel weekend sia previsto un meteo favorevole, ma con possibilit\u00e0 di trasferire i pannelli espositivi sotto la copertura del portico presente in caso di maltempo.<\/p>\n<p><strong>Come di seguito rappresentiamo con una simulazione grafica, lo Spazio Extra Off sar\u00e0 composto principalmente da 6 pannelli e 2 tavoli; Di base ogni Autore avr\u00e0 a disposizione un pannello di 2 metri o un tavolo.<\/strong><\/p>\n<p><strong>Ogni Autore avr\u00e0 libera facolt\u00e0 di sottoporre al Direttore Artistico la volont\u00e0 di eseguire installazioni artistiche che dovranno essere realizzate dall\u2019autore stesso<\/strong>.<\/p>\n<p><img loading=\"lazy\" decoding=\"async\" class=\"alignnone size-medium wp-image-4742\" src=\"https:\/\/fiaf.net\/lombardia\/wp-content\/uploads\/sites\/5\/2022\/08\/bando_spazio-extra-off-free-2022-07-25-2-208x300.jpg\" alt=\"\" width=\"208\" height=\"300\" srcset=\"https:\/\/fiaf.net\/lombardia\/wp-content\/uploads\/sites\/5\/2022\/08\/bando_spazio-extra-off-free-2022-07-25-2-208x300.jpg 208w, https:\/\/fiaf.net\/lombardia\/wp-content\/uploads\/sites\/5\/2022\/08\/bando_spazio-extra-off-free-2022-07-25-2-711x1024.jpg 711w, https:\/\/fiaf.net\/lombardia\/wp-content\/uploads\/sites\/5\/2022\/08\/bando_spazio-extra-off-free-2022-07-25-2-768x1107.jpg 768w, https:\/\/fiaf.net\/lombardia\/wp-content\/uploads\/sites\/5\/2022\/08\/bando_spazio-extra-off-free-2022-07-25-2-1066x1536.jpg 1066w, https:\/\/fiaf.net\/lombardia\/wp-content\/uploads\/sites\/5\/2022\/08\/bando_spazio-extra-off-free-2022-07-25-2-1421x2048.jpg 1421w, https:\/\/fiaf.net\/lombardia\/wp-content\/uploads\/sites\/5\/2022\/08\/bando_spazio-extra-off-free-2022-07-25-2-scaled.jpg 1777w\" sizes=\"auto, (max-width: 208px) 100vw, 208px\" \/><\/p>\n<\/div>\n<\/div>\n<\/div>\n<\/div>\n<\/div>\n<\/div>\n\n    <div class=\"xs_social_share_widget xs_share_url after_content \t\tmain_content  wslu-style-1 wslu-share-box-shaped wslu-fill-colored wslu-none wslu-share-horizontal wslu-theme-font-no wslu-main_content\">\n\n\t\t\n        <ul>\n\t\t\t        <\/ul>\n    <\/div> \n","protected":false},"excerpt":{"rendered":"<p>Oggetto: Bando per partecipazione espositiva individuale allo Spazio Extra Off del RFF Ricarica Foto Festival 2022 a Sustinente (MN) nei &hellip;<\/p>\n","protected":false},"author":3,"featured_media":4742,"comment_status":"closed","ping_status":"closed","sticky":false,"template":"","format":"standard","meta":{"_acf_changed":false,"footnotes":""},"categories":[1,16,18,19],"tags":[],"class_list":["post-4741","post","type-post","status-publish","format-standard","has-post-thumbnail","hentry","category-senza-categoria","category-manifestazioni","category-mostra-fotografica","category-mostre"],"acf":[],"_links":{"self":[{"href":"https:\/\/fiaf.net\/lombardia\/wp-json\/wp\/v2\/posts\/4741","targetHints":{"allow":["GET"]}}],"collection":[{"href":"https:\/\/fiaf.net\/lombardia\/wp-json\/wp\/v2\/posts"}],"about":[{"href":"https:\/\/fiaf.net\/lombardia\/wp-json\/wp\/v2\/types\/post"}],"author":[{"embeddable":true,"href":"https:\/\/fiaf.net\/lombardia\/wp-json\/wp\/v2\/users\/3"}],"replies":[{"embeddable":true,"href":"https:\/\/fiaf.net\/lombardia\/wp-json\/wp\/v2\/comments?post=4741"}],"version-history":[{"count":2,"href":"https:\/\/fiaf.net\/lombardia\/wp-json\/wp\/v2\/posts\/4741\/revisions"}],"predecessor-version":[{"id":4744,"href":"https:\/\/fiaf.net\/lombardia\/wp-json\/wp\/v2\/posts\/4741\/revisions\/4744"}],"wp:featuredmedia":[{"embeddable":true,"href":"https:\/\/fiaf.net\/lombardia\/wp-json\/wp\/v2\/media\/4742"}],"wp:attachment":[{"href":"https:\/\/fiaf.net\/lombardia\/wp-json\/wp\/v2\/media?parent=4741"}],"wp:term":[{"taxonomy":"category","embeddable":true,"href":"https:\/\/fiaf.net\/lombardia\/wp-json\/wp\/v2\/categories?post=4741"},{"taxonomy":"post_tag","embeddable":true,"href":"https:\/\/fiaf.net\/lombardia\/wp-json\/wp\/v2\/tags?post=4741"}],"curies":[{"name":"wp","href":"https:\/\/api.w.org\/{rel}","templated":true}]}}