{"id":4756,"date":"2022-08-26T19:25:59","date_gmt":"2022-08-26T17:25:59","guid":{"rendered":"https:\/\/fiaf.net\/lombardia\/?p=4756"},"modified":"2022-08-26T19:25:59","modified_gmt":"2022-08-26T17:25:59","slug":"lettura-portfolio-portfolio-brigantia","status":"publish","type":"post","link":"https:\/\/fiaf.net\/lombardia\/lettura-portfolio-portfolio-brigantia\/","title":{"rendered":"LETTURA PORTFOLIO \u201cPORTFOLIO BRIGANTIA\u201d"},"content":{"rendered":"<blockquote><p><strong>LETTURA PORTFOLIO \u201c<em>PORTFOLIO BRIGANTIA<\/em>\u201d<\/strong><\/p><\/blockquote>\n<p>settima edizione<\/p>\n<p>&nbsp;<\/p>\n<p>&nbsp;<\/p>\n<p><strong>25 settembre 2022<\/strong><\/p>\n<p>Evento organizzato dal Circolo Fotografico Inverigo BFI con il Patrocinio dei Comuni di Arosio e inverigo<\/p>\n<p>&nbsp;<\/p>\n<p>&nbsp;<\/p>\n<p>Domenica 25 settembre 2022 presso le Sale Museali Al Castello di Arosio (CO) \u2013 Via B.Grazioli 2\/a si terr\u00e0 la settima edizione di Portfolio Brigantia.<\/p>\n<p>La manifestazione rientra negli eventi della 5 GIORNI 2022. Il programma della giornata \u00e8 il seguente:<\/p>\n<ol>\n<li>10,00 \/ 12,40 lettura portfolio \u2013 pausa pranzo \u2013 h. 14,20 \/ 17,00 lettura portfolio \u2013 ore 17,30 comunicazione vincitori.<\/li>\n<\/ol>\n<p>I lettori di questa edizione sono:<\/p>\n<p><strong>Sara Munari<\/strong>, fotografa, docente di storia della fotografia e linguaggiofotografico<\/p>\n<p><strong>Paola Riccardi<\/strong>, curatrice, art director, critica<\/p>\n<p><strong>Chiara Rosa Ratti<\/strong>, communication manager e giornalista freelance<\/p>\n<p>&nbsp;<\/p>\n<p>La lettura \u00e8 aperta a tutti previa iscrizione via mail a <a href=\"mailto:portfolio@circolofotograficoinverigo.it\">portfolio@circolofotograficoinverigo.it<\/a><\/p>\n<p>Il numero dei posto \u00e8 limitato a 25 persone<\/p>\n<p>Il tema \u00e8 libero e ogni iscritto avr\u00e0 20 minuti a disposizione e potr\u00e0 presentare massimo due portfolio in qualunque dimensione. Non saranno accettati file in formato digitale.<\/p>\n<p>Quota di iscrizione quale contributo spese: \u20ac 10,00 e \u20ac 5,00 per i soli soci del C.F.I.<\/p>\n<p>&nbsp;<\/p>\n<p>Informazioni \u00a0e iscrizioni: <a href=\"mailto:portfolio@circolofotograficoinverigo.it\">portfolio@circolofotograficoinverigo.it<\/a> \u2013 <a href=\"mailto:segreteria@circolofotograficoinverigo.it\">segreteria@circolofotograficoinverigo.it<\/a> \u2013 www.circolofotograficoinverigo.it<\/p>\n<p><img loading=\"lazy\" decoding=\"async\" class=\"alignnone size-medium wp-image-4757\" src=\"https:\/\/fiaf.net\/lombardia\/wp-content\/uploads\/sites\/5\/2022\/08\/Portfolio-Briganzia-2022-212x300.jpg\" alt=\"\" width=\"212\" height=\"300\" srcset=\"https:\/\/fiaf.net\/lombardia\/wp-content\/uploads\/sites\/5\/2022\/08\/Portfolio-Briganzia-2022-212x300.jpg 212w, https:\/\/fiaf.net\/lombardia\/wp-content\/uploads\/sites\/5\/2022\/08\/Portfolio-Briganzia-2022-724x1024.jpg 724w, https:\/\/fiaf.net\/lombardia\/wp-content\/uploads\/sites\/5\/2022\/08\/Portfolio-Briganzia-2022-768x1086.jpg 768w, https:\/\/fiaf.net\/lombardia\/wp-content\/uploads\/sites\/5\/2022\/08\/Portfolio-Briganzia-2022-1086x1536.jpg 1086w, https:\/\/fiaf.net\/lombardia\/wp-content\/uploads\/sites\/5\/2022\/08\/Portfolio-Briganzia-2022.jpg 1131w\" sizes=\"auto, (max-width: 212px) 100vw, 212px\" \/><\/p>\n\n    <div class=\"xs_social_share_widget xs_share_url after_content \t\tmain_content  wslu-style-1 wslu-share-box-shaped wslu-fill-colored wslu-none wslu-share-horizontal wslu-theme-font-no wslu-main_content\">\n\n\t\t\n        <ul>\n\t\t\t        <\/ul>\n    <\/div> \n","protected":false},"excerpt":{"rendered":"<p>LETTURA PORTFOLIO \u201cPORTFOLIO BRIGANTIA\u201d settima edizione &nbsp; &nbsp; 25 settembre 2022 Evento organizzato dal Circolo Fotografico Inverigo BFI con il &hellip;<\/p>\n","protected":false},"author":3,"featured_media":4757,"comment_status":"closed","ping_status":"closed","sticky":false,"template":"","format":"standard","meta":{"_acf_changed":false,"footnotes":""},"categories":[5,16,22],"tags":[],"class_list":["post-4756","post","type-post","status-publish","format-standard","has-post-thumbnail","hentry","category-comunicazioni","category-manifestazioni","category-letture-portfolio"],"acf":[],"_links":{"self":[{"href":"https:\/\/fiaf.net\/lombardia\/wp-json\/wp\/v2\/posts\/4756","targetHints":{"allow":["GET"]}}],"collection":[{"href":"https:\/\/fiaf.net\/lombardia\/wp-json\/wp\/v2\/posts"}],"about":[{"href":"https:\/\/fiaf.net\/lombardia\/wp-json\/wp\/v2\/types\/post"}],"author":[{"embeddable":true,"href":"https:\/\/fiaf.net\/lombardia\/wp-json\/wp\/v2\/users\/3"}],"replies":[{"embeddable":true,"href":"https:\/\/fiaf.net\/lombardia\/wp-json\/wp\/v2\/comments?post=4756"}],"version-history":[{"count":1,"href":"https:\/\/fiaf.net\/lombardia\/wp-json\/wp\/v2\/posts\/4756\/revisions"}],"predecessor-version":[{"id":4758,"href":"https:\/\/fiaf.net\/lombardia\/wp-json\/wp\/v2\/posts\/4756\/revisions\/4758"}],"wp:featuredmedia":[{"embeddable":true,"href":"https:\/\/fiaf.net\/lombardia\/wp-json\/wp\/v2\/media\/4757"}],"wp:attachment":[{"href":"https:\/\/fiaf.net\/lombardia\/wp-json\/wp\/v2\/media?parent=4756"}],"wp:term":[{"taxonomy":"category","embeddable":true,"href":"https:\/\/fiaf.net\/lombardia\/wp-json\/wp\/v2\/categories?post=4756"},{"taxonomy":"post_tag","embeddable":true,"href":"https:\/\/fiaf.net\/lombardia\/wp-json\/wp\/v2\/tags?post=4756"}],"curies":[{"name":"wp","href":"https:\/\/api.w.org\/{rel}","templated":true}]}}