{"id":4830,"date":"2022-09-29T11:30:43","date_gmt":"2022-09-29T09:30:43","guid":{"rendered":"https:\/\/fiaf.net\/lombardia\/?p=4830"},"modified":"2022-09-29T11:30:43","modified_gmt":"2022-09-29T09:30:43","slug":"bucaneve-dove-tutto-e-colore","status":"publish","type":"post","link":"https:\/\/fiaf.net\/lombardia\/bucaneve-dove-tutto-e-colore\/","title":{"rendered":"BUCANEVE-dove tutto \u00e8 colore"},"content":{"rendered":"<blockquote><p><strong>BUCANEVE-dove tutto \u00e8 colore<\/strong><br \/>\n<strong>fotografie di Doretta Gerevini<\/strong><br \/>\n<strong>con la collaborazione di Bucaneve Cooperativa Sociale Onlus<\/strong><br \/>\n<strong>con il supporto di Fotoclub Il Castello APS-BFI<\/strong><br \/>\n<strong>inaugurazione sabato 15 Ottobre 2022 alle ore 16:30<\/strong><br \/>\n<strong>Durata mostra 15-30 Ottobre 2022<\/strong><\/p><\/blockquote>\n<p>La mostra fotografica intitolata \u201cBucaneve\u201d -dove tutto \u00e8 colore &#8211; \u00e8 il frutto di un lavoro<br \/>\niniziato da Doretta Gerevini nel 2018 e terminato nel 2021. La pandemia ha purtroppo<br \/>\ninfluito sull\u2019evolversi naturale degli eventi ma ora \u00e8 giunto il momento di dare la giusta<br \/>\nvisibilit\u00e0 a questo importante progetto.<br \/>\nTale percorso fotografico \u00e8 avvenuto presso la Cooperativa Bucaneve di Castel<br \/>\nGoffredo, Centro importante a livello internazionale e all\u2019avanguardia per la sua struttura<br \/>\norganizzativa, che ospita ragazzi e adulti con disabilit\u00e0 diverse, dalle meno gravi alle<br \/>\ngravissime.<br \/>\nDoretta Gerevini racconta: \u201cLa prima cosa che ho notato di questo luogo \u00e8 quanto esso<br \/>\nsia colorato: dai disegni appesi alle pareti ai lavoretti manuali fatti dai ragazzi, dai muri<br \/>\ndelle stanze ai mobili che le riempiono, ma non solo, anche i ragazzi stessi sono colore,<br \/>\ncon il loro modo di accoglierti e di porsi con sorrisi, senza giudizio, senza filtri.\u201d<br \/>\nLa mostra quindi cerca, attraverso il cuore e gli occhi dell\u2019autrice, di far emergere e<br \/>\nraccontare le abilit\u00e0 e l\u2019energia comunicativa dei ragazzi, e nello stesso tempo richiamare<br \/>\nl\u2019attenzione sulla tematica della disabilit\u00e0, al fine di sensibilizzare ed evidenziare che \u201cla<br \/>\nvera disabilit\u00e0 \u00e8 negli occhi di chi guarda, di chi non comprende che dalle diversit\u00e0<br \/>\npossiamo solo imparare\u201d (Iacopo Melio).<br \/>\nLa rassegna \u00e8 composta da 39 fotografie a colori, il cui editing \u00e8 stato eseguito da Simona<br \/>\nGuerra, storica, critica e consulente archivi fotografici, scrittrice e curatrice di mostre.<br \/>\nLe stampe sono state eseguite su carta fotografica opaca inkjet e incorniciate nella misura<br \/>\n40&#215;60.<br \/>\nLa mostra fotografica ha il RICONOSCIMENTO FIAF n. D 302022<br \/>\nLa Mostra Fotografica si terr\u00e0 presso: Hotel Paris-Via Garibaldi, 3-Castel Goffredo<br \/>\n(Mantova)<br \/>\nOrari d\u2019apertura: Sabato e Domenica<br \/>\nSabato: dalle 16,00 alle 19,00<br \/>\nDomenica: dalle 10,00 alle 12,00 e dalle 16,00 alle 19,00<\/p>\n<p>&nbsp;<\/p>\n<p><img loading=\"lazy\" decoding=\"async\" class=\"alignnone size-medium wp-image-4831\" src=\"https:\/\/fiaf.net\/lombardia\/wp-content\/uploads\/sites\/5\/2022\/09\/LOCANDINA-MOSTRA-BUCANEVE-208x300.jpg\" alt=\"\" width=\"208\" height=\"300\" srcset=\"https:\/\/fiaf.net\/lombardia\/wp-content\/uploads\/sites\/5\/2022\/09\/LOCANDINA-MOSTRA-BUCANEVE-208x300.jpg 208w, https:\/\/fiaf.net\/lombardia\/wp-content\/uploads\/sites\/5\/2022\/09\/LOCANDINA-MOSTRA-BUCANEVE-709x1024.jpg 709w, https:\/\/fiaf.net\/lombardia\/wp-content\/uploads\/sites\/5\/2022\/09\/LOCANDINA-MOSTRA-BUCANEVE-768x1109.jpg 768w, https:\/\/fiaf.net\/lombardia\/wp-content\/uploads\/sites\/5\/2022\/09\/LOCANDINA-MOSTRA-BUCANEVE-1063x1536.jpg 1063w, https:\/\/fiaf.net\/lombardia\/wp-content\/uploads\/sites\/5\/2022\/09\/LOCANDINA-MOSTRA-BUCANEVE-1418x2048.jpg 1418w, https:\/\/fiaf.net\/lombardia\/wp-content\/uploads\/sites\/5\/2022\/09\/LOCANDINA-MOSTRA-BUCANEVE-scaled.jpg 1772w\" sizes=\"auto, (max-width: 208px) 100vw, 208px\" \/><\/p>\n\n    <div class=\"xs_social_share_widget xs_share_url after_content \t\tmain_content  wslu-style-1 wslu-share-box-shaped wslu-fill-colored wslu-none wslu-share-horizontal wslu-theme-font-no wslu-main_content\">\n\n\t\t\n        <ul>\n\t\t\t        <\/ul>\n    <\/div> \n","protected":false},"excerpt":{"rendered":"<p>BUCANEVE-dove tutto \u00e8 colore fotografie di Doretta Gerevini con la collaborazione di Bucaneve Cooperativa Sociale Onlus con il supporto di &hellip;<\/p>\n","protected":false},"author":3,"featured_media":4831,"comment_status":"closed","ping_status":"closed","sticky":false,"template":"","format":"standard","meta":{"_acf_changed":false,"footnotes":""},"categories":[16,18,19],"tags":[],"class_list":["post-4830","post","type-post","status-publish","format-standard","has-post-thumbnail","hentry","category-manifestazioni","category-mostra-fotografica","category-mostre"],"acf":[],"_links":{"self":[{"href":"https:\/\/fiaf.net\/lombardia\/wp-json\/wp\/v2\/posts\/4830","targetHints":{"allow":["GET"]}}],"collection":[{"href":"https:\/\/fiaf.net\/lombardia\/wp-json\/wp\/v2\/posts"}],"about":[{"href":"https:\/\/fiaf.net\/lombardia\/wp-json\/wp\/v2\/types\/post"}],"author":[{"embeddable":true,"href":"https:\/\/fiaf.net\/lombardia\/wp-json\/wp\/v2\/users\/3"}],"replies":[{"embeddable":true,"href":"https:\/\/fiaf.net\/lombardia\/wp-json\/wp\/v2\/comments?post=4830"}],"version-history":[{"count":1,"href":"https:\/\/fiaf.net\/lombardia\/wp-json\/wp\/v2\/posts\/4830\/revisions"}],"predecessor-version":[{"id":4832,"href":"https:\/\/fiaf.net\/lombardia\/wp-json\/wp\/v2\/posts\/4830\/revisions\/4832"}],"wp:featuredmedia":[{"embeddable":true,"href":"https:\/\/fiaf.net\/lombardia\/wp-json\/wp\/v2\/media\/4831"}],"wp:attachment":[{"href":"https:\/\/fiaf.net\/lombardia\/wp-json\/wp\/v2\/media?parent=4830"}],"wp:term":[{"taxonomy":"category","embeddable":true,"href":"https:\/\/fiaf.net\/lombardia\/wp-json\/wp\/v2\/categories?post=4830"},{"taxonomy":"post_tag","embeddable":true,"href":"https:\/\/fiaf.net\/lombardia\/wp-json\/wp\/v2\/tags?post=4830"}],"curies":[{"name":"wp","href":"https:\/\/api.w.org\/{rel}","templated":true}]}}