{"id":4865,"date":"2022-11-21T20:36:16","date_gmt":"2022-11-21T19:36:16","guid":{"rendered":"https:\/\/fiaf.net\/lombardia\/?p=4865"},"modified":"2022-11-22T09:40:09","modified_gmt":"2022-11-22T08:40:09","slug":"omaggio-a-alda-merini-atto-damore","status":"publish","type":"post","link":"https:\/\/fiaf.net\/lombardia\/omaggio-a-alda-merini-atto-damore\/","title":{"rendered":"OMAGGIO A ALDA MERINI ATTO D\u2019AMORE"},"content":{"rendered":"<blockquote><p><strong>OMAGGIO A ALDA MERINI<\/strong><br \/>\n<strong>ATTO D\u2019AMORE<\/strong><br \/>\n<strong>Tra Arte e Poesia<\/strong><\/p><\/blockquote>\n<p>Il <strong>Gruppo Iseo Immagine<\/strong> si appresta a concludere il quarantesimo anno di attivit\u00e0<br \/>\ncelebrato attraverso il ricordo di Angelo Danesi, storico socio del Circolo, e dello chef<br \/>\niseano Vittorio Fusar. Sono state allestite mostre collettive dei propri soci e dei soci di<br \/>\ncircoli fotografici amici, nonch\u00e9 mostre personali di fotografi affermati all\u2019interno degli spazi<br \/>\nespositivi del Castello Oldofredi, messi a disposizione<\/p>\n<p>dall\u2019amministrazione Comunale di\u00a0Iseo.<br \/>\nIn quest\u2019ottica viene proposta la mostra dedicata ad Alda Merini, con le fotografie di<br \/>\nGiuliano Grittini, fotografo, artista e amico personale.<br \/>\nLa mostra, patrocinata dal Comune di Iseo e dalla Fondazione L\u2019Arsenale, ha per titolo<br \/>\n\u201cAtto d\u2019Amore, tra Arte e Poesia\u201d, riunendo in s\u00e9 Fotografia, Arte e Cultura, che sono le<br \/>\nfinalit\u00e0 sociali dichiarate nel logo del Gruppo Iseo Immagine.<br \/>\nL\u2019esposizione verr\u00e0 inaugurata sabato 3 dicembre alle ore 11:00 nella Sala Civica del<br \/>\nCastello Oldofredi alla presenza dell\u2019Autore Giuliano Grittini e rimarr\u00e0 aperta fino al 29<br \/>\ngennaio 2023 da marted\u00ec a domenica (chiuso luned\u00ec tutto il giorno e il mercoled\u00ec mattina)<br \/>\nnegli orari 10-12 e 14.18. Ingresso libero.<\/p>\n<p>&nbsp;<\/p>\n<p><img loading=\"lazy\" decoding=\"async\" class=\"alignnone size-medium wp-image-4868\" src=\"https:\/\/fiaf.net\/lombardia\/wp-content\/uploads\/sites\/5\/2022\/11\/Locandina-Grittini-con-logo-FIAF-212x300.jpeg\" alt=\"\" width=\"212\" height=\"300\" srcset=\"https:\/\/fiaf.net\/lombardia\/wp-content\/uploads\/sites\/5\/2022\/11\/Locandina-Grittini-con-logo-FIAF-212x300.jpeg 212w, https:\/\/fiaf.net\/lombardia\/wp-content\/uploads\/sites\/5\/2022\/11\/Locandina-Grittini-con-logo-FIAF-724x1024.jpeg 724w, https:\/\/fiaf.net\/lombardia\/wp-content\/uploads\/sites\/5\/2022\/11\/Locandina-Grittini-con-logo-FIAF-768x1086.jpeg 768w, https:\/\/fiaf.net\/lombardia\/wp-content\/uploads\/sites\/5\/2022\/11\/Locandina-Grittini-con-logo-FIAF.jpeg 905w\" sizes=\"auto, (max-width: 212px) 100vw, 212px\" \/><\/p>\n\n    <div class=\"xs_social_share_widget xs_share_url after_content \t\tmain_content  wslu-style-1 wslu-share-box-shaped wslu-fill-colored wslu-none wslu-share-horizontal wslu-theme-font-no wslu-main_content\">\n\n\t\t\n        <ul>\n\t\t\t        <\/ul>\n    <\/div> \n","protected":false},"excerpt":{"rendered":"<p>OMAGGIO A ALDA MERINI ATTO D\u2019AMORE Tra Arte e Poesia Il Gruppo Iseo Immagine si appresta a concludere il quarantesimo &hellip;<\/p>\n","protected":false},"author":3,"featured_media":4868,"comment_status":"closed","ping_status":"closed","sticky":false,"template":"","format":"standard","meta":{"_acf_changed":false,"footnotes":""},"categories":[5,16,19],"tags":[],"class_list":["post-4865","post","type-post","status-publish","format-standard","has-post-thumbnail","hentry","category-comunicazioni","category-manifestazioni","category-mostre"],"acf":[],"_links":{"self":[{"href":"https:\/\/fiaf.net\/lombardia\/wp-json\/wp\/v2\/posts\/4865","targetHints":{"allow":["GET"]}}],"collection":[{"href":"https:\/\/fiaf.net\/lombardia\/wp-json\/wp\/v2\/posts"}],"about":[{"href":"https:\/\/fiaf.net\/lombardia\/wp-json\/wp\/v2\/types\/post"}],"author":[{"embeddable":true,"href":"https:\/\/fiaf.net\/lombardia\/wp-json\/wp\/v2\/users\/3"}],"replies":[{"embeddable":true,"href":"https:\/\/fiaf.net\/lombardia\/wp-json\/wp\/v2\/comments?post=4865"}],"version-history":[{"count":3,"href":"https:\/\/fiaf.net\/lombardia\/wp-json\/wp\/v2\/posts\/4865\/revisions"}],"predecessor-version":[{"id":4870,"href":"https:\/\/fiaf.net\/lombardia\/wp-json\/wp\/v2\/posts\/4865\/revisions\/4870"}],"wp:featuredmedia":[{"embeddable":true,"href":"https:\/\/fiaf.net\/lombardia\/wp-json\/wp\/v2\/media\/4868"}],"wp:attachment":[{"href":"https:\/\/fiaf.net\/lombardia\/wp-json\/wp\/v2\/media?parent=4865"}],"wp:term":[{"taxonomy":"category","embeddable":true,"href":"https:\/\/fiaf.net\/lombardia\/wp-json\/wp\/v2\/categories?post=4865"},{"taxonomy":"post_tag","embeddable":true,"href":"https:\/\/fiaf.net\/lombardia\/wp-json\/wp\/v2\/tags?post=4865"}],"curies":[{"name":"wp","href":"https:\/\/api.w.org\/{rel}","templated":true}]}}