{"id":5193,"date":"2023-09-25T09:37:38","date_gmt":"2023-09-25T07:37:38","guid":{"rendered":"https:\/\/fiaf.net\/lombardia\/?p=5193"},"modified":"2023-09-25T09:37:38","modified_gmt":"2023-09-25T07:37:38","slug":"contro-luce-di-dario-cavadini","status":"publish","type":"post","link":"https:\/\/fiaf.net\/lombardia\/contro-luce-di-dario-cavadini\/","title":{"rendered":"Contro Luce di  Dario Cavadini"},"content":{"rendered":"<p>&nbsp;<\/p>\n<blockquote><p><strong>&#8220;Contro Luce&#8221;<\/strong><\/p><\/blockquote>\n<p>&nbsp;<\/p>\n<p>Dario Cavadini: se la luce nasconde il presente nasce il futuro<br \/>\nDario sorride raramente. Le labbra sottili sono spesso pensose, strette in un\u2019espressione di concentrazione<br \/>\nche ormai \u00e8 parte di lui: una ricerca tesa dell\u2019attimo, della filigrana segreta del mondo e di s\u00e9.<br \/>\nLa sua passione per la fotografia nasce analogica, la macchina fotografica \u00e8 uno strumento di ricerca della<br \/>\nrealt\u00e0, una \u201cprotesi\u201d con cui da autodidatta esplora il mondo, non per caso nasce durante un viaggio. E<br \/>\ncome ogni grande storia d\u2019amore anche quella di Dario con la fotografia \u00e8 fatta di rincorse, pause, scoperte,<br \/>\nanche di nuove tecnologie, come il digitale. \u00c8 fatta di sospensioni, curiosit\u00e0, tentativi fino alla scoperta di un<br \/>\npersonalissimo alfabeto con cui riscrivere la realt\u00e0 che indaga.<br \/>\nLo sguardo di Dario \u00e8 insieme rigoroso e laico: conosce le regole dello scatto perfetto, ma non lo insegue,<br \/>\nnon \u00e8 quello il \u201cfuoco\u201d della sua ricerca. Nemmeno nei ritratti in cui ci\u00f2 che gli importa \u00e8 cogliere<br \/>\nl\u2019emozione, l\u2019anima del soggetto, nascosta sotto il profilo del volto, nell\u2019incanto dinamico del gesto e<br \/>\nrivelata da un taglio di luce, da un contrasto, dall\u2019inarcarsi inatteso di un sopracciglio.<br \/>\nAd interessagli \u00e8 l\u2019attimo: frazione infinitesima del continuum temporale, l\u2019istante sintesi del tempo passato<br \/>\ne presagio di futuro. \u00c8 qui che la sua ricerca personale lo spinge e lo conduce a esiti sorprendenti.<br \/>\nAffascinato dalla street photography e sedotto dall\u2019intensit\u00e0 della luce estiva, fotografa persone in<br \/>\nmovimento sul lungo mare, sulle spiagge, totalmente immerse nella luce. Come un alchimista gioca con gli<br \/>\nelementi naturali, il tempo e lo spazio: sovraespone, allunga i tempi, e scatta, scatta con la fotocamera<br \/>\nall\u2019altezza del cuore, non degli occhi, perch\u00e9 forse, chiss\u00e0, come diceva il Piccolo Principe \u201csi vede bene solo<br \/>\ncol cuore\u201d.<br \/>\nIl risultato lascia incantati: gli esseri umani investiti dalla luce, privati dell\u2019ombra, perdono i loro contorni e<br \/>\ndiventano macchie di colore, linee appena intuite, ma soprattutto diventano \u201csegni\u201d, in senso puramente<br \/>\nsemiotico,\u201d unit\u00e0 di senso e significato\u201d che rimandano ad altro.<br \/>\nNel presente dilatato dalla sovraesposizione e dai tempi lunghi dello scatto, l\u2019attimo diventa eterno, il<br \/>\npresente temporale si fa futuro e passato, e la luce, finalmente, nasconde.<br \/>\nLa luce nelle fotografie di Dario non rivela la realt\u00e0, la copre, di pi\u00f9: la riscrive. La luce totalmente privata<br \/>\ndell\u2019ombra ne assume la funzione e crea una realt\u00e0 onirica, evocativa, rarefatta eppure potente.<br \/>\nE basterebbe questo a fare della fotografia di Cavadini un terreno di scoperta e una straordinaria<br \/>\nesperienza estetica. Ma c\u2019\u00e8 di pi\u00f9: in quel nascondersi della realt\u00e0 si rivela l\u2019anima dell\u2019autore alla ricerca di<br \/>\nun alfabeto capace di raccontarla.<br \/>\nLa mostra Contro-Luce racconta questa ricerca, ne avvicina i gradi, ne propone l\u2019elaborazione costante negli<br \/>\nanni. Gli scatti ipnotizzano lo spettatore che, istintivamente, avverte la tensione e l\u2019intensit\u00e0 del percorso,<br \/>\nstregano lo sguardo che si smarrisce nel bianco accecante di una luce assoluta che non mostra, ma<br \/>\nnasconde.<\/p>\n<p>&nbsp;<\/p>\n<p><img loading=\"lazy\" decoding=\"async\" class=\"alignnone size-medium wp-image-5194\" src=\"https:\/\/fiaf.net\/lombardia\/wp-content\/uploads\/sites\/5\/2023\/09\/dariocavadiniRGB1200-copia-212x300.jpg\" alt=\"\" width=\"212\" height=\"300\" srcset=\"https:\/\/fiaf.net\/lombardia\/wp-content\/uploads\/sites\/5\/2023\/09\/dariocavadiniRGB1200-copia-212x300.jpg 212w, https:\/\/fiaf.net\/lombardia\/wp-content\/uploads\/sites\/5\/2023\/09\/dariocavadiniRGB1200-copia-724x1024.jpg 724w, https:\/\/fiaf.net\/lombardia\/wp-content\/uploads\/sites\/5\/2023\/09\/dariocavadiniRGB1200-copia-768x1086.jpg 768w, https:\/\/fiaf.net\/lombardia\/wp-content\/uploads\/sites\/5\/2023\/09\/dariocavadiniRGB1200-copia.jpg 849w\" sizes=\"auto, (max-width: 212px) 100vw, 212px\" \/><\/p>\n\n    <div class=\"xs_social_share_widget xs_share_url after_content \t\tmain_content  wslu-style-1 wslu-share-box-shaped wslu-fill-colored wslu-none wslu-share-horizontal wslu-theme-font-no wslu-main_content\">\n\n\t\t\n        <ul>\n\t\t\t        <\/ul>\n    <\/div> \n","protected":false},"excerpt":{"rendered":"<p>&nbsp; &#8220;Contro Luce&#8221; &nbsp; Dario Cavadini: se la luce nasconde il presente nasce il futuro Dario sorride raramente. Le labbra &hellip;<\/p>\n","protected":false},"author":3,"featured_media":5194,"comment_status":"closed","ping_status":"closed","sticky":false,"template":"","format":"standard","meta":{"_acf_changed":false,"footnotes":""},"categories":[18],"tags":[],"class_list":["post-5193","post","type-post","status-publish","format-standard","has-post-thumbnail","hentry","category-mostra-fotografica"],"acf":[],"_links":{"self":[{"href":"https:\/\/fiaf.net\/lombardia\/wp-json\/wp\/v2\/posts\/5193","targetHints":{"allow":["GET"]}}],"collection":[{"href":"https:\/\/fiaf.net\/lombardia\/wp-json\/wp\/v2\/posts"}],"about":[{"href":"https:\/\/fiaf.net\/lombardia\/wp-json\/wp\/v2\/types\/post"}],"author":[{"embeddable":true,"href":"https:\/\/fiaf.net\/lombardia\/wp-json\/wp\/v2\/users\/3"}],"replies":[{"embeddable":true,"href":"https:\/\/fiaf.net\/lombardia\/wp-json\/wp\/v2\/comments?post=5193"}],"version-history":[{"count":1,"href":"https:\/\/fiaf.net\/lombardia\/wp-json\/wp\/v2\/posts\/5193\/revisions"}],"predecessor-version":[{"id":5195,"href":"https:\/\/fiaf.net\/lombardia\/wp-json\/wp\/v2\/posts\/5193\/revisions\/5195"}],"wp:featuredmedia":[{"embeddable":true,"href":"https:\/\/fiaf.net\/lombardia\/wp-json\/wp\/v2\/media\/5194"}],"wp:attachment":[{"href":"https:\/\/fiaf.net\/lombardia\/wp-json\/wp\/v2\/media?parent=5193"}],"wp:term":[{"taxonomy":"category","embeddable":true,"href":"https:\/\/fiaf.net\/lombardia\/wp-json\/wp\/v2\/categories?post=5193"},{"taxonomy":"post_tag","embeddable":true,"href":"https:\/\/fiaf.net\/lombardia\/wp-json\/wp\/v2\/tags?post=5193"}],"curies":[{"name":"wp","href":"https:\/\/api.w.org\/{rel}","templated":true}]}}