{"id":5276,"date":"2024-01-17T11:27:48","date_gmt":"2024-01-17T10:27:48","guid":{"rendered":"https:\/\/fiaf.net\/lombardia\/?p=5276"},"modified":"2024-01-17T11:30:30","modified_gmt":"2024-01-17T10:30:30","slug":"silenzi-di-salvatore-montemagno","status":"publish","type":"post","link":"https:\/\/fiaf.net\/lombardia\/silenzi-di-salvatore-montemagno\/","title":{"rendered":"Silenzi di: Salvatore Montemagno"},"content":{"rendered":"<p>&nbsp;<\/p>\n<blockquote><p><strong>Silenzi<\/strong><\/p>\n<p><strong>Di : Salvatore Montemagno<\/strong><\/p><\/blockquote>\n<p>&nbsp;<\/p>\n<p>Sono nato a Gela in Sicilia, l\u201901\/04\/1962. Dal 1984 vivo a Montichiari (BS).<br \/>\nScatto fotografie da pi\u00f9 di 30 anni.<br \/>\nRicordo ancora quando scattai la mia prima foto con una reflex, una Cosina CT1, prestatami da un collega di lavoro, a Roma, dalla finestra del nostro ufficio. Una foto molto banale\u2026 ma per me importantissima\u2026 Il punto zero di una grande passione che da allora non mi ha mai abbandonato. Possiedo ancora quella foto.<br \/>\nPer\u00f2\u2026 \u00e8 solo da pochi anni che ho iniziato a studiare e sviluppare le \u201cmie\u201d foto: l\u2019incontro con la fotografia digitale \u00e8 stato per me l\u2019anno zero. Poter avere il controllo totale sui miei scatti in post produzione, mi ha aperto le porte ad un mondo nuovo e meraviglioso&#8230; Era quello che io stavo aspettando.<br \/>\nLa fotografia per me \u00e8 esteriorizzazione di immagini interiori. Non ho la pretesa, n\u00e9 l\u2019intenzione, n\u00e9 tantomeno la voglia di documentare la realt\u00e0. La realt\u00e0 amo interpretarla\u2026 o meglio\u2026 mi piace dare \u201cla mia versione dei fatti\u201d\u2026 cercando di esprimerlo artisticamente\u2026 e sperando di riuscirci.<br \/>\nDa qualche anno ho iniziato a partecipare a concorsi fotografici nazionali e internazionali come non professionista, ottenendo discreti riconoscimenti quali il titolo \u201cNew Talent Of The Year\u201d al \u201cMoscow International Foto Award nel 2021 e il titolo \u201cDiscovery Of The Year\u201d all\u2019ND Awards di Londra .<\/p>\n<p>Dal 27\/01\/2024 al 18\/02\/2024<br \/>\nda marted\u00ec a domenica ore 10-12 e 14-18. Mercoled\u00ec mattina chiuso<br \/>\nInaugurazione sabato 27 gennaio 2023 ore 17.00<\/p>\n<p><img loading=\"lazy\" decoding=\"async\" class=\"alignnone size-medium wp-image-5277\" src=\"https:\/\/fiaf.net\/lombardia\/wp-content\/uploads\/sites\/5\/2024\/01\/420116740_691829963057093_4708419068634183677_n-212x300.jpg\" alt=\"\" width=\"212\" height=\"300\" srcset=\"https:\/\/fiaf.net\/lombardia\/wp-content\/uploads\/sites\/5\/2024\/01\/420116740_691829963057093_4708419068634183677_n-212x300.jpg 212w, https:\/\/fiaf.net\/lombardia\/wp-content\/uploads\/sites\/5\/2024\/01\/420116740_691829963057093_4708419068634183677_n-724x1024.jpg 724w, https:\/\/fiaf.net\/lombardia\/wp-content\/uploads\/sites\/5\/2024\/01\/420116740_691829963057093_4708419068634183677_n-768x1086.jpg 768w, https:\/\/fiaf.net\/lombardia\/wp-content\/uploads\/sites\/5\/2024\/01\/420116740_691829963057093_4708419068634183677_n-1086x1536.jpg 1086w, https:\/\/fiaf.net\/lombardia\/wp-content\/uploads\/sites\/5\/2024\/01\/420116740_691829963057093_4708419068634183677_n.jpg 1131w\" sizes=\"auto, (max-width: 212px) 100vw, 212px\" \/><\/p>\n\n    <div class=\"xs_social_share_widget xs_share_url after_content \t\tmain_content  wslu-style-1 wslu-share-box-shaped wslu-fill-colored wslu-none wslu-share-horizontal wslu-theme-font-no wslu-main_content\">\n\n\t\t\n        <ul>\n\t\t\t        <\/ul>\n    <\/div> \n","protected":false},"excerpt":{"rendered":"<p>&nbsp; Silenzi Di : Salvatore Montemagno &nbsp; Sono nato a Gela in Sicilia, l\u201901\/04\/1962. Dal 1984 vivo a Montichiari (BS). &hellip;<\/p>\n","protected":false},"author":3,"featured_media":5277,"comment_status":"closed","ping_status":"closed","sticky":false,"template":"","format":"standard","meta":{"_acf_changed":false,"footnotes":""},"categories":[12,16,18],"tags":[],"class_list":["post-5276","post","type-post","status-publish","format-standard","has-post-thumbnail","hentry","category-gallerie","category-manifestazioni","category-mostra-fotografica"],"acf":[],"_links":{"self":[{"href":"https:\/\/fiaf.net\/lombardia\/wp-json\/wp\/v2\/posts\/5276","targetHints":{"allow":["GET"]}}],"collection":[{"href":"https:\/\/fiaf.net\/lombardia\/wp-json\/wp\/v2\/posts"}],"about":[{"href":"https:\/\/fiaf.net\/lombardia\/wp-json\/wp\/v2\/types\/post"}],"author":[{"embeddable":true,"href":"https:\/\/fiaf.net\/lombardia\/wp-json\/wp\/v2\/users\/3"}],"replies":[{"embeddable":true,"href":"https:\/\/fiaf.net\/lombardia\/wp-json\/wp\/v2\/comments?post=5276"}],"version-history":[{"count":1,"href":"https:\/\/fiaf.net\/lombardia\/wp-json\/wp\/v2\/posts\/5276\/revisions"}],"predecessor-version":[{"id":5278,"href":"https:\/\/fiaf.net\/lombardia\/wp-json\/wp\/v2\/posts\/5276\/revisions\/5278"}],"wp:featuredmedia":[{"embeddable":true,"href":"https:\/\/fiaf.net\/lombardia\/wp-json\/wp\/v2\/media\/5277"}],"wp:attachment":[{"href":"https:\/\/fiaf.net\/lombardia\/wp-json\/wp\/v2\/media?parent=5276"}],"wp:term":[{"taxonomy":"category","embeddable":true,"href":"https:\/\/fiaf.net\/lombardia\/wp-json\/wp\/v2\/categories?post=5276"},{"taxonomy":"post_tag","embeddable":true,"href":"https:\/\/fiaf.net\/lombardia\/wp-json\/wp\/v2\/tags?post=5276"}],"curies":[{"name":"wp","href":"https:\/\/api.w.org\/{rel}","templated":true}]}}