{"id":5697,"date":"2025-05-11T12:30:24","date_gmt":"2025-05-11T10:30:24","guid":{"rendered":"https:\/\/fiaf.net\/lombardia\/?p=5697"},"modified":"2025-05-11T11:13:21","modified_gmt":"2025-05-11T09:13:21","slug":"25-anniversario-di-freecamera-11-18-maggio","status":"publish","type":"post","link":"https:\/\/fiaf.net\/lombardia\/25-anniversario-di-freecamera-11-18-maggio\/","title":{"rendered":"25\u00b0 anniversario di FreeCamera da 11 a 18 Maggio"},"content":{"rendered":"<p><strong>FESTEGGIA CON NOI I 25 ANNI DI FREECAMERA DOMENICA 11 MAGGIO 2025!<\/strong><br \/>\nIl <strong>Circolo Freecamera<\/strong> <strong>di Sesto San Giovanni (Mi)<\/strong> festeggia quest\u2019anno i suoi 25 anni.<br \/>\nIl Circolo, associato FIAF, \u00e8 nato nel 2000 e ad oggi \u00e8 presieduto dal fotografo Ermanno Campalani.<br \/>\nFreecamera commemora l\u2019anniversario d\u2019argento con un evento fotografico dal titolo \u201c25 anni di scatti: una festa per celebrare la passione per la fotografia\u201d che si svolger\u00e0 dall\u201911 al 18 maggio 2025 presso il Circolo Culturale Sergio Valmaggi. Durante la manifestazione si potr\u00e0 assistere a una mostra collettiva degli iscritti, ripercorre la storia di Freecamera attraverso le locandine degli eventi e delle mostre che hanno fatto la storia del Circolo, ascoltare e leggere testimonianze dell\u2019esperienza dei fotoamatori in Freecamera.<br \/>\nL\u2019inaugurazione \u00e8 prevista per <strong>domenica 11 maggio alle ore 17<\/strong> con ingresso libero e la mostra rimarr\u00e0 aperta nei seguenti giorni e orari: da marted\u00ec a venerd\u00ec ore 16-18, sabato e domenica ore 10-12 e 16-18.<\/p>\n<p><strong>DOVE<\/strong>: Circolo Culturale Sergio Valmaggi &#8211; Via dei Partigiani 110, Sesto San Giovanni (Mi)<br \/>\n<strong>QUANDO<\/strong>: inaugurazione sabato 11 maggio ore 17.00<br \/>\n<strong>DURATA<\/strong>: dall\u201911 maggio al 18 maggio 2025<br \/>\n<strong>PER INFO<\/strong>: info@freecamera.it<br \/>\n<strong>SOCIAL<\/strong>: https:\/\/www.facebook.com\/fotogruppofreecamera<br \/>\nhttps:\/\/www.instagram.com\/free.camera<\/p>\n<p><img loading=\"lazy\" decoding=\"async\" class=\"alignnone wp-image-5698\" src=\"https:\/\/fiaf.net\/lombardia\/wp-content\/uploads\/sites\/5\/2025\/04\/2025-04-25\u00b0-Freecamera-Locandina-212x300.jpg\" alt=\"\" width=\"411\" height=\"581\" srcset=\"https:\/\/fiaf.net\/lombardia\/wp-content\/uploads\/sites\/5\/2025\/04\/2025-04-25\u00b0-Freecamera-Locandina-212x300.jpg 212w, https:\/\/fiaf.net\/lombardia\/wp-content\/uploads\/sites\/5\/2025\/04\/2025-04-25\u00b0-Freecamera-Locandina-724x1024.jpg 724w, https:\/\/fiaf.net\/lombardia\/wp-content\/uploads\/sites\/5\/2025\/04\/2025-04-25\u00b0-Freecamera-Locandina-768x1086.jpg 768w, https:\/\/fiaf.net\/lombardia\/wp-content\/uploads\/sites\/5\/2025\/04\/2025-04-25\u00b0-Freecamera-Locandina-1086x1536.jpg 1086w, https:\/\/fiaf.net\/lombardia\/wp-content\/uploads\/sites\/5\/2025\/04\/2025-04-25\u00b0-Freecamera-Locandina-1448x2048.jpg 1448w, https:\/\/fiaf.net\/lombardia\/wp-content\/uploads\/sites\/5\/2025\/04\/2025-04-25\u00b0-Freecamera-Locandina.jpg 1587w\" sizes=\"auto, (max-width: 411px) 100vw, 411px\" \/><\/p>\n\n    <div class=\"xs_social_share_widget xs_share_url after_content \t\tmain_content  wslu-style-1 wslu-share-box-shaped wslu-fill-colored wslu-none wslu-share-horizontal wslu-theme-font-no wslu-main_content\">\n\n\t\t\n        <ul>\n\t\t\t        <\/ul>\n    <\/div> \n","protected":false},"excerpt":{"rendered":"<p>FESTEGGIA CON NOI I 25 ANNI DI FREECAMERA DOMENICA 11 MAGGIO 2025! Il Circolo Freecamera di Sesto San Giovanni (Mi) &hellip;<\/p>\n","protected":false},"author":377,"featured_media":5700,"comment_status":"closed","ping_status":"closed","sticky":false,"template":"","format":"standard","meta":{"_acf_changed":false,"footnotes":""},"categories":[2,18],"tags":[],"class_list":["post-5697","post","type-post","status-publish","format-standard","has-post-thumbnail","hentry","category-attivita-circoli","category-mostra-fotografica"],"acf":[],"_links":{"self":[{"href":"https:\/\/fiaf.net\/lombardia\/wp-json\/wp\/v2\/posts\/5697","targetHints":{"allow":["GET"]}}],"collection":[{"href":"https:\/\/fiaf.net\/lombardia\/wp-json\/wp\/v2\/posts"}],"about":[{"href":"https:\/\/fiaf.net\/lombardia\/wp-json\/wp\/v2\/types\/post"}],"author":[{"embeddable":true,"href":"https:\/\/fiaf.net\/lombardia\/wp-json\/wp\/v2\/users\/377"}],"replies":[{"embeddable":true,"href":"https:\/\/fiaf.net\/lombardia\/wp-json\/wp\/v2\/comments?post=5697"}],"version-history":[{"count":2,"href":"https:\/\/fiaf.net\/lombardia\/wp-json\/wp\/v2\/posts\/5697\/revisions"}],"predecessor-version":[{"id":5702,"href":"https:\/\/fiaf.net\/lombardia\/wp-json\/wp\/v2\/posts\/5697\/revisions\/5702"}],"wp:featuredmedia":[{"embeddable":true,"href":"https:\/\/fiaf.net\/lombardia\/wp-json\/wp\/v2\/media\/5700"}],"wp:attachment":[{"href":"https:\/\/fiaf.net\/lombardia\/wp-json\/wp\/v2\/media?parent=5697"}],"wp:term":[{"taxonomy":"category","embeddable":true,"href":"https:\/\/fiaf.net\/lombardia\/wp-json\/wp\/v2\/categories?post=5697"},{"taxonomy":"post_tag","embeddable":true,"href":"https:\/\/fiaf.net\/lombardia\/wp-json\/wp\/v2\/tags?post=5697"}],"curies":[{"name":"wp","href":"https:\/\/api.w.org\/{rel}","templated":true}]}}