{"id":5732,"date":"2025-06-03T00:02:20","date_gmt":"2025-06-02T22:02:20","guid":{"rendered":"https:\/\/fiaf.net\/lombardia\/?p=5732"},"modified":"2025-06-03T00:11:52","modified_gmt":"2025-06-02T22:11:52","slug":"mostra-fotografica-dettagli-donna-di-alberto-colognato-presso-galleria-fiaf-castello-oldofredi-iseo-bs-dal-7-al-22-giugno-2025","status":"publish","type":"post","link":"https:\/\/fiaf.net\/lombardia\/mostra-fotografica-dettagli-donna-di-alberto-colognato-presso-galleria-fiaf-castello-oldofredi-iseo-bs-dal-7-al-22-giugno-2025\/","title":{"rendered":"Mostra Fotografica &#8220;DETTAGLI DONNA&#8221; di Alberto Colognato dal 7 al 22 Giugno 2025"},"content":{"rendered":"<p><img loading=\"lazy\" decoding=\"async\" class=\"alignnone size-large wp-image-5730\" src=\"https:\/\/fiaf.net\/lombardia\/wp-content\/uploads\/sites\/5\/2025\/06\/ISEO-723x1024.jpg\" alt=\"\" width=\"723\" height=\"1024\" \/><\/p>\n<p>La mostra \u201cDETTAGLI DONNA\u201d presenta un affascinante portfolio fotografico che esplora la bellezza e la complessit\u00e0 del corpo femminile attraverso fotografie in bianco e nero.<\/p>\n<p>Ogni scatto, realizzato in studio, \u00e8 un gioco di contrasti e di luci che esalta la grazia e la sensualit\u00e0 del soggetto femminile.\u00a0 L\u2019autore si concentra su dettagli anche minimali e su frammenti della figura dove linee, curve e forme diventano protagonisti assoluti. I tagli delle immagini e i giochi di ombre permettono di focalizzarsi su aspetti inusuali, creando un\u2019atmosfera di intimit\u00e0 e di mistero. Sono un invito a riflettere sull\u2019equilibrio tra ci\u00f2 che si vede e ci\u00f2 che rimane nascosto, mettendo in secondo piano, cos\u00ec, parti del corpo che in quell\u2019immagine reputa secondarie, per evidenziarne altre che invece considera fondamentali.<\/p>\n<p>Il bianco e nero accentua la purezza e l\u2019eleganza della donna, conferendo ad ogni immagine una profondit\u00e0 che va oltre l\u2019apparenza. \u00a0Ogni fotografia invita lo spettatore a guardare oltre la superficie, cogliendo l\u2019essenza della femminilit\u00e0 in tutto il suo fascino senza tempo.<\/p>\n<p>La mostra celebra il corpo femminile non solo come oggetto di bellezza, ma soprattutto come simbolo di forza, grazia e personalit\u00e0.<\/p>\n<p>Dal 07\/06\/2025 al 22\/06\/2025<\/p>\n<p>Mostra fotografica DETTAGLI DONNA<\/p>\n<p>di Alberto Colognato<\/p>\n<p>da marted\u00ec a domenica ore 10-12 e 14-18. Mercoled\u00ec mattina chiuso.<\/p>\n<p>Inaugurazione sabato 7 giugno 2025 ore 17.00<\/p>\n<p>&nbsp;<\/p>\n\n    <div class=\"xs_social_share_widget xs_share_url after_content \t\tmain_content  wslu-style-1 wslu-share-box-shaped wslu-fill-colored wslu-none wslu-share-horizontal wslu-theme-font-no wslu-main_content\">\n\n\t\t\n        <ul>\n\t\t\t        <\/ul>\n    <\/div> \n","protected":false},"excerpt":{"rendered":"<p>La mostra \u201cDETTAGLI DONNA\u201d presenta un affascinante portfolio fotografico che esplora la bellezza e la complessit\u00e0 del corpo femminile attraverso &hellip;<\/p>\n","protected":false},"author":315,"featured_media":5730,"comment_status":"closed","ping_status":"closed","sticky":false,"template":"","format":"standard","meta":{"_acf_changed":false,"footnotes":""},"categories":[18],"tags":[],"class_list":["post-5732","post","type-post","status-publish","format-standard","has-post-thumbnail","hentry","category-mostra-fotografica"],"acf":[],"_links":{"self":[{"href":"https:\/\/fiaf.net\/lombardia\/wp-json\/wp\/v2\/posts\/5732","targetHints":{"allow":["GET"]}}],"collection":[{"href":"https:\/\/fiaf.net\/lombardia\/wp-json\/wp\/v2\/posts"}],"about":[{"href":"https:\/\/fiaf.net\/lombardia\/wp-json\/wp\/v2\/types\/post"}],"author":[{"embeddable":true,"href":"https:\/\/fiaf.net\/lombardia\/wp-json\/wp\/v2\/users\/315"}],"replies":[{"embeddable":true,"href":"https:\/\/fiaf.net\/lombardia\/wp-json\/wp\/v2\/comments?post=5732"}],"version-history":[{"count":4,"href":"https:\/\/fiaf.net\/lombardia\/wp-json\/wp\/v2\/posts\/5732\/revisions"}],"predecessor-version":[{"id":5736,"href":"https:\/\/fiaf.net\/lombardia\/wp-json\/wp\/v2\/posts\/5732\/revisions\/5736"}],"wp:featuredmedia":[{"embeddable":true,"href":"https:\/\/fiaf.net\/lombardia\/wp-json\/wp\/v2\/media\/5730"}],"wp:attachment":[{"href":"https:\/\/fiaf.net\/lombardia\/wp-json\/wp\/v2\/media?parent=5732"}],"wp:term":[{"taxonomy":"category","embeddable":true,"href":"https:\/\/fiaf.net\/lombardia\/wp-json\/wp\/v2\/categories?post=5732"},{"taxonomy":"post_tag","embeddable":true,"href":"https:\/\/fiaf.net\/lombardia\/wp-json\/wp\/v2\/tags?post=5732"}],"curies":[{"name":"wp","href":"https:\/\/api.w.org\/{rel}","templated":true}]}}