{"id":5740,"date":"2025-06-07T18:41:48","date_gmt":"2025-06-07T16:41:48","guid":{"rendered":"https:\/\/fiaf.net\/lombardia\/?p=5740"},"modified":"2025-06-07T18:42:10","modified_gmt":"2025-06-07T16:42:10","slug":"mostra-fotografica-succede-proprio-qui-dal-21-giugno-al-06-luglio-seregno-per-la-fotografia","status":"publish","type":"post","link":"https:\/\/fiaf.net\/lombardia\/mostra-fotografica-succede-proprio-qui-dal-21-giugno-al-06-luglio-seregno-per-la-fotografia\/","title":{"rendered":"Mostra Fotografica &#8220;SUCCEDE PROPRIO QUI&#8221; dal 21\/Giugno al 06\/Luglio &#8211; Seregno per la Fotografia"},"content":{"rendered":"<p><img loading=\"lazy\" decoding=\"async\" class=\"alignnone size-large wp-image-5737\" src=\"https:\/\/fiaf.net\/lombardia\/wp-content\/uploads\/sites\/5\/2025\/06\/Manifesto-Giorgio25-719x1024.jpg\" alt=\"\" width=\"719\" height=\"1024\" \/><\/p>\n<p>&#8220;SUCCEDE PROPRIO QUI&#8221;<\/p>\n<p>Quando si pensa al fotoreportage le prime immagini che vengono in mente sono quelle scattate in paesi lontani da fotografi entrati proprio per questo nella storia.<\/p>\n<p>Gi\u00e0 nell\u2019Ottocento dove era difficile, faticoso e talvolta pericoloso viaggiare, emergono autori come <em>Felice Beato <\/em>che da Venezia era giunto in Giappone dove aveva addirittura dato vita a una scuola di fotografia, <em>Roger Fenton <\/em>che dall\u2019Inghilterra aveva raggiunto la Crimea per documentare la guerra che l\u00ec si combatteva, il parigino <em>Gustave Le Gray <\/em>che con lo scrittore <em>Alexandre Dumas <\/em>raggiunse la Sicilia per fotografare Garibaldi e la Spedizione dei Mille.<\/p>\n<p>\u00c8 una caratteristica, quella del viaggiare, che accompagna nel Novecento reportage leggendari come quelli con cui <em>Robert Capa <\/em>e <em>Gerda Taro <\/em>raccontarono la Guerra Civile spagnola o quello con cui <em>Henri Cartier-Bresson <\/em>document\u00f2 in \u201cD\u2019un Cine \u00e0 l\u2019autre\u201d la sconfitta dei nazionalisti cinesi.<\/p>\n<p>Gi\u00e0, ma che cosa succede se, invece di percorrere migliaia di chilometri\u00a0ci si ferma a due passi da casa?<\/p>\n<p>Molti lo dimenticano ma le difficolt\u00e0 personali incontrate da alcuni autori che per varie ragioni non hanno potuto o voluto viaggiare lontano\u00a0da casa non li hanno certo costretti a rinunciare al loro intento, quello di continuare a fotografare con uno stile reportagistico da loro stesso trasfigurato.<\/p>\n<p>Cos\u00ec, quando <em>Josef Sudek<\/em>, che pure aveva magnificamente fotografato la sua Praga, si stanc\u00f2 di farlo perch\u00e9 lavorare senza un braccio (lo aveva perso sul fronte della Grande Guerra), cominci\u00f2 a mettere al centro dell\u2019attenzione il suo studio.<\/p>\n<p>In un periodo difficile della sua vita per le incomprensioni che lo circondavano, <em>Andr\u00e8 Kert\u00e9sz <\/em>us\u00f2 come unico soggetto Washington Square fotografandola in diverse stagioni dalla finestra della sua casa che su quella piazza si affacciava.<\/p>\n<p>Anche <em>Eugene Smith <\/em>sempre a New York realizz\u00f2 dal 1957 al 1965 un lavoro che intitol\u00f2 \u201cFrom my window\u201d perch\u00e9 da l\u00ec osserv\u00f2 i suoi simili arrivando a utilizzare ben mille rullini.<\/p>\n<p><em>Luigi Ghirri<\/em>, invece, scelse un modo originale di viaggiare: nel seminterrato di casa rifotograf\u00f2 in macro i simboli che in un atlante geografico indicavano i luoghi geografici \u2013 monti, laghi, deserti, oceani, citt\u00e0 \u2013 per dar vita nel 1973 a un bellissimo\u00a0libro intitolato \u201cAtlante\u201d anche se non lo era.<\/p>\n<p>Queste sono le considerazioni generali che ci hanno portato, proponendo ai fotografi di <em>\u201cSeregno per la fotografia\u201d <\/em>un seminario sul tema del reportage, a farlo imponendoci una situazione \u201ca km zero\u201d come nel linguaggio comune viene indicato, sottraendolo all\u2019originario termine nato in ambito agroalimentare, tutto quanto non \u00e8 molto distante dal luogo in cui si vive.<\/p>\n<p>L\u2019idea, pi\u00f9 che alle oggettive difficolt\u00e0 che avrebbe incontrato un progetto dove fossero stati previsti viaggi di lunga percorrenza, \u00e8 legata a una nostra profonda convinzione: quella che\u00a0spinge molti ad andare nel mondo alla ricerca di idee interessanti \u00e8 molto spesso una esigenza dettata dall\u2019incapacit\u00e0 di rivolgere con identica curiosit\u00e0 lo sguardo a quanto ci circonda.<\/p>\n<p><strong><em>Roberto MUTTI<\/em><\/strong><\/p>\n<p><em>Storico e Critico della Fotografia<\/em><\/p>\n\n    <div class=\"xs_social_share_widget xs_share_url after_content \t\tmain_content  wslu-style-1 wslu-share-box-shaped wslu-fill-colored wslu-none wslu-share-horizontal wslu-theme-font-no wslu-main_content\">\n\n\t\t\n        <ul>\n\t\t\t        <\/ul>\n    <\/div> \n","protected":false},"excerpt":{"rendered":"<p>&#8220;SUCCEDE PROPRIO QUI&#8221; Quando si pensa al fotoreportage le prime immagini che vengono in mente sono quelle scattate in paesi &hellip;<\/p>\n","protected":false},"author":315,"featured_media":5737,"comment_status":"closed","ping_status":"closed","sticky":false,"template":"","format":"standard","meta":{"_acf_changed":false,"footnotes":""},"categories":[2,18],"tags":[],"class_list":["post-5740","post","type-post","status-publish","format-standard","has-post-thumbnail","hentry","category-attivita-circoli","category-mostra-fotografica"],"acf":[],"_links":{"self":[{"href":"https:\/\/fiaf.net\/lombardia\/wp-json\/wp\/v2\/posts\/5740","targetHints":{"allow":["GET"]}}],"collection":[{"href":"https:\/\/fiaf.net\/lombardia\/wp-json\/wp\/v2\/posts"}],"about":[{"href":"https:\/\/fiaf.net\/lombardia\/wp-json\/wp\/v2\/types\/post"}],"author":[{"embeddable":true,"href":"https:\/\/fiaf.net\/lombardia\/wp-json\/wp\/v2\/users\/315"}],"replies":[{"embeddable":true,"href":"https:\/\/fiaf.net\/lombardia\/wp-json\/wp\/v2\/comments?post=5740"}],"version-history":[{"count":1,"href":"https:\/\/fiaf.net\/lombardia\/wp-json\/wp\/v2\/posts\/5740\/revisions"}],"predecessor-version":[{"id":5741,"href":"https:\/\/fiaf.net\/lombardia\/wp-json\/wp\/v2\/posts\/5740\/revisions\/5741"}],"wp:featuredmedia":[{"embeddable":true,"href":"https:\/\/fiaf.net\/lombardia\/wp-json\/wp\/v2\/media\/5737"}],"wp:attachment":[{"href":"https:\/\/fiaf.net\/lombardia\/wp-json\/wp\/v2\/media?parent=5740"}],"wp:term":[{"taxonomy":"category","embeddable":true,"href":"https:\/\/fiaf.net\/lombardia\/wp-json\/wp\/v2\/categories?post=5740"},{"taxonomy":"post_tag","embeddable":true,"href":"https:\/\/fiaf.net\/lombardia\/wp-json\/wp\/v2\/tags?post=5740"}],"curies":[{"name":"wp","href":"https:\/\/api.w.org\/{rel}","templated":true}]}}