{"id":5927,"date":"2025-10-25T11:45:04","date_gmt":"2025-10-25T09:45:04","guid":{"rendered":"https:\/\/fiaf.net\/lombardia\/?p=5927"},"modified":"2025-10-25T11:38:08","modified_gmt":"2025-10-25T09:38:08","slug":"mostra-fotografica-diffusa-memorie-dacqua-dal-15-al-28-ottobre","status":"publish","type":"post","link":"https:\/\/fiaf.net\/lombardia\/mostra-fotografica-diffusa-memorie-dacqua-dal-15-al-28-ottobre\/","title":{"rendered":"Mostra fotografica diffusa &#8220;MEMORIE D&#8217;ACQUA&#8221; dal 15 al 28 Ottobre"},"content":{"rendered":"<p><img loading=\"lazy\" decoding=\"async\" class=\"alignnone  wp-image-5928\" src=\"https:\/\/fiaf.net\/lombardia\/wp-content\/uploads\/sites\/5\/2025\/09\/2025-09-Memoria-dacqua-Locandina-214x300.jpg\" alt=\"\" width=\"519\" height=\"728\" srcset=\"https:\/\/fiaf.net\/lombardia\/wp-content\/uploads\/sites\/5\/2025\/09\/2025-09-Memoria-dacqua-Locandina-214x300.jpg 214w, https:\/\/fiaf.net\/lombardia\/wp-content\/uploads\/sites\/5\/2025\/09\/2025-09-Memoria-dacqua-Locandina-731x1024.jpg 731w, https:\/\/fiaf.net\/lombardia\/wp-content\/uploads\/sites\/5\/2025\/09\/2025-09-Memoria-dacqua-Locandina-768x1076.jpg 768w, https:\/\/fiaf.net\/lombardia\/wp-content\/uploads\/sites\/5\/2025\/09\/2025-09-Memoria-dacqua-Locandina-1097x1536.jpg 1097w, https:\/\/fiaf.net\/lombardia\/wp-content\/uploads\/sites\/5\/2025\/09\/2025-09-Memoria-dacqua-Locandina-1462x2048.jpg 1462w, https:\/\/fiaf.net\/lombardia\/wp-content\/uploads\/sites\/5\/2025\/09\/2025-09-Memoria-dacqua-Locandina.jpg 1828w\" sizes=\"auto, (max-width: 519px) 100vw, 519px\" \/><\/p>\n<p>Mostra fotografica diffusa del <strong>Gruppo Fotografico San Paolo<\/strong> 15 \u2013 28 ottobre 2025<\/p>\n<p>\u201c<strong>MEMORIE D\u2019ACQUA<\/strong>\u201d<\/p>\n<p>In occasione del 45\u00b0 anno di attivit\u00e0 il Gruppo Fotografico San Paolo organizza una mostra fotografica diffusa sul territorio della citt\u00e0 di Rho.<\/p>\n<p>Le immagini, una per ogni socio, saranno affisse per due settimane dal 15 al 28 ottobre come manifesti di grande formato per le vie della citt\u00e0 utilizzando come supporti le plance pubblicitarie gi\u00e0 in essere. Tutta la cittadinanza sar\u00e0 resa partecipe dell\u2019interpretazione del tema, \u201cMemorie d\u2019acqua\u201d, da parte di ogni autore.<\/p>\n<p>L\u2019acqua \u00e8 un elemento fondamentale per la vita e si manifesta in molti modi, si va dalla solidit\u00e0 di ghiaccio e neve, alla fluidit\u00e0 dello scorrere, alla leggerezza di vapore e nuvole. In ogni caso \u00e8 presente una transitoriet\u00e0, nessuno stato \u00e8 permanente ma muta con l\u2019andare del tempo, proprio come le nostre memorie.<\/p>\n<p>Sul sito web del gruppo sar\u00e0 presente una pagina con la mappa interattiva delle opere esposte per guidare i visitatori in un tour cittadino alla scoperta di tutti i manifesti affissi. La pagina sar\u00e0 facilmente consultabile direttamente oppure connettendosi con lo smartphone e leggendo un QR Code presente su ognuno dei manifesti esposti.<\/p>\n\n    <div class=\"xs_social_share_widget xs_share_url after_content \t\tmain_content  wslu-style-1 wslu-share-box-shaped wslu-fill-colored wslu-none wslu-share-horizontal wslu-theme-font-no wslu-main_content\">\n\n\t\t\n        <ul>\n\t\t\t        <\/ul>\n    <\/div> \n","protected":false},"excerpt":{"rendered":"<p>Mostra fotografica diffusa del Gruppo Fotografico San Paolo 15 \u2013 28 ottobre 2025 \u201cMEMORIE D\u2019ACQUA\u201d In occasione del 45\u00b0 anno &hellip;<\/p>\n","protected":false},"author":377,"featured_media":5929,"comment_status":"closed","ping_status":"closed","sticky":false,"template":"","format":"standard","meta":{"_acf_changed":false,"footnotes":""},"categories":[18],"tags":[],"class_list":["post-5927","post","type-post","status-publish","format-standard","has-post-thumbnail","hentry","category-mostra-fotografica"],"acf":[],"_links":{"self":[{"href":"https:\/\/fiaf.net\/lombardia\/wp-json\/wp\/v2\/posts\/5927","targetHints":{"allow":["GET"]}}],"collection":[{"href":"https:\/\/fiaf.net\/lombardia\/wp-json\/wp\/v2\/posts"}],"about":[{"href":"https:\/\/fiaf.net\/lombardia\/wp-json\/wp\/v2\/types\/post"}],"author":[{"embeddable":true,"href":"https:\/\/fiaf.net\/lombardia\/wp-json\/wp\/v2\/users\/377"}],"replies":[{"embeddable":true,"href":"https:\/\/fiaf.net\/lombardia\/wp-json\/wp\/v2\/comments?post=5927"}],"version-history":[{"count":1,"href":"https:\/\/fiaf.net\/lombardia\/wp-json\/wp\/v2\/posts\/5927\/revisions"}],"predecessor-version":[{"id":5930,"href":"https:\/\/fiaf.net\/lombardia\/wp-json\/wp\/v2\/posts\/5927\/revisions\/5930"}],"wp:featuredmedia":[{"embeddable":true,"href":"https:\/\/fiaf.net\/lombardia\/wp-json\/wp\/v2\/media\/5929"}],"wp:attachment":[{"href":"https:\/\/fiaf.net\/lombardia\/wp-json\/wp\/v2\/media?parent=5927"}],"wp:term":[{"taxonomy":"category","embeddable":true,"href":"https:\/\/fiaf.net\/lombardia\/wp-json\/wp\/v2\/categories?post=5927"},{"taxonomy":"post_tag","embeddable":true,"href":"https:\/\/fiaf.net\/lombardia\/wp-json\/wp\/v2\/tags?post=5927"}],"curies":[{"name":"wp","href":"https:\/\/api.w.org\/{rel}","templated":true}]}}