{"id":6572,"date":"2026-09-04T21:07:04","date_gmt":"2026-09-04T19:07:04","guid":{"rendered":"https:\/\/fiaf.net\/lombardia\/?p=6572"},"modified":"2026-09-04T21:07:04","modified_gmt":"2026-09-04T19:07:04","slug":"mostra-fotografica-collettiva-fermo-danza-dal-12-al-13-settembre-portici-piazza-duomo-crema-cr","status":"publish","type":"post","link":"https:\/\/fiaf.net\/lombardia\/mostra-fotografica-collettiva-fermo-danza-dal-12-al-13-settembre-portici-piazza-duomo-crema-cr\/","title":{"rendered":"Mostra Fotografica Collettiva &#8220;FERMO DANZA&#8221; dal 12 al 13 Settembre, Portici Piazza Duomo &#8211; CREMA (CR)"},"content":{"rendered":"<p><img loading=\"lazy\" decoding=\"async\" class=\"alignnone size-large wp-image-6571\" src=\"https:\/\/fiaf.net\/lombardia\/wp-content\/uploads\/sites\/5\/2026\/09\/FERMODANZA-737x1024.jpeg\" alt=\"\" width=\"737\" height=\"1024\" \/><\/p>\n<p><b>FermoDanza<\/b><\/p>\n<p><i>&#8220;Ogni uomo dovrebbe danzare, per tutta la vita. Non essere ballerino, ma danzare.&#8221;<\/i><\/p>\n<p>Rudolf Nureyev<\/p>\n<p>La danza \u00e8 molto pi\u00f9 di una professione o di una disciplina: \u00e8 un atto intimo e vitale, una pulsione profonda che appartiene a ciascuno di noi. \u00c8 uno spazio libero in cui convivono gioia e fatica, forza e fragilit\u00e0, dedizione e pura energia. Non servono grandi palcoscenici per sentirne il richiamo: la danza vive nel momento stesso in cui il corpo sceglie di esprimersi, anche lontano dai riflettori.<\/p>\n<p>Con la mostra <b>FermoDanza<\/b>, abbiamo cercato di cogliere e &#8220;fermare&#8221; questi istanti di pura espressione. Gli scatti in esposizione esplorano le molteplici forme della danza, guidando lo sguardo tra la dimensione intima del singolo e l&#8217;energia travolgente del gruppo.<\/p>\n<p>Pi\u00f9 che una semplice raccolta di immagini, questo progetto rappresenta un percorso condiviso, nato dalla passione del nostro gruppo e dalla straordinaria disponibilit\u00e0 di ballerini e scuole di danza del territorio, che hanno accolto l&#8217;invito a mettersi in gioco con straordinaria generosit\u00e0.<\/p>\n<p>A tutti loro va il nostro grazie pi\u00f9 sentito per aver trasformato un&#8217;idea in un racconto corale fatto di luce, emozione, corpo e movimento.<\/p>\n<p><strong>LA MOSTRA HA RIL RICONOSCIMENTO FIAF N. D2-15\/2026<\/strong><\/p>\n<p>&nbsp;<\/p>\n\n    <div class=\"xs_social_share_widget xs_share_url after_content \t\tmain_content  wslu-style-1 wslu-share-box-shaped wslu-fill-colored wslu-none wslu-share-horizontal wslu-theme-font-no wslu-main_content\">\n\n\t\t\n        <ul>\n\t\t\t        <\/ul>\n    <\/div> \n","protected":false},"excerpt":{"rendered":"<p>FermoDanza &#8220;Ogni uomo dovrebbe danzare, per tutta la vita. Non essere ballerino, ma danzare.&#8221; Rudolf Nureyev La danza \u00e8 molto &hellip;<\/p>\n","protected":false},"author":315,"featured_media":6571,"comment_status":"closed","ping_status":"closed","sticky":false,"template":"","format":"standard","meta":{"_acf_changed":false,"footnotes":""},"categories":[18],"tags":[],"class_list":["post-6572","post","type-post","status-publish","format-standard","has-post-thumbnail","hentry","category-mostra-fotografica"],"acf":[],"_links":{"self":[{"href":"https:\/\/fiaf.net\/lombardia\/wp-json\/wp\/v2\/posts\/6572","targetHints":{"allow":["GET"]}}],"collection":[{"href":"https:\/\/fiaf.net\/lombardia\/wp-json\/wp\/v2\/posts"}],"about":[{"href":"https:\/\/fiaf.net\/lombardia\/wp-json\/wp\/v2\/types\/post"}],"author":[{"embeddable":true,"href":"https:\/\/fiaf.net\/lombardia\/wp-json\/wp\/v2\/users\/315"}],"replies":[{"embeddable":true,"href":"https:\/\/fiaf.net\/lombardia\/wp-json\/wp\/v2\/comments?post=6572"}],"version-history":[{"count":2,"href":"https:\/\/fiaf.net\/lombardia\/wp-json\/wp\/v2\/posts\/6572\/revisions"}],"predecessor-version":[{"id":6574,"href":"https:\/\/fiaf.net\/lombardia\/wp-json\/wp\/v2\/posts\/6572\/revisions\/6574"}],"wp:featuredmedia":[{"embeddable":true,"href":"https:\/\/fiaf.net\/lombardia\/wp-json\/wp\/v2\/media\/6571"}],"wp:attachment":[{"href":"https:\/\/fiaf.net\/lombardia\/wp-json\/wp\/v2\/media?parent=6572"}],"wp:term":[{"taxonomy":"category","embeddable":true,"href":"https:\/\/fiaf.net\/lombardia\/wp-json\/wp\/v2\/categories?post=6572"},{"taxonomy":"post_tag","embeddable":true,"href":"https:\/\/fiaf.net\/lombardia\/wp-json\/wp\/v2\/tags?post=6572"}],"curies":[{"name":"wp","href":"https:\/\/api.w.org\/{rel}","templated":true}]}}