{"id":10102,"date":"2021-06-19T07:54:07","date_gmt":"2021-06-19T05:54:07","guid":{"rendered":"https:\/\/fiaf.net\/regioni\/marche\/?p=10102"},"modified":"2021-06-19T07:54:07","modified_gmt":"2021-06-19T05:54:07","slug":"facephotonews-2021-sassoferrato-an-mondi-umani-mostra-di-gigi-montali","status":"publish","type":"post","link":"https:\/\/fiaf.net\/marche\/facephotonews-2021-sassoferrato-an-mondi-umani-mostra-di-gigi-montali\/","title":{"rendered":"Facephotonews 2021 &#8211; Sassoferrato (AN) &#8211; MONDI UMANI &#8211; Mostra di Gigi Montali"},"content":{"rendered":"\n\t\t\t\t\n<p><a href=\"https:\/\/www.facebook.com\/hashtag\/lemostredifpn?__eep__=6&amp;__cft__[0]=AZU2pRC3HWGfDy2UxVlQ1-tQ8rXZdRFhPH2pXu5-e_WY9v3RQ2oUiFTKdHA8mWkNEDjr8KqaG1kCIFO8-TRt28EkM-fPcL_9-_rAy5DRwAXV6Y4Sqoi4ifstYy8ciEOHOnBxbdFjQK97r9WrtWQ-gIII&amp;__tn__=*NK-R\" target=\"_blank\" rel=\"noopener\">#lemostredifpn<\/a><br><strong>25 GIUGNO__11 LUGLIO 2021<br>MONDI UMANI_ Mostra Fotografica di Gigi Montali<br>Chiesa di San Giuseppe_ Piazza Matteotti_Sassoferrato (AN)<\/strong><br><br>La necessit\u00e0 emotiva di dare comunque un segnale di normalit\u00e0 \u00e8 tanta, per questo ci siamo consentiti l\u2019allestimento di una mostra che, come accaduto fin dalla prima edizione, dedichiamo ad almeno un grande autore.Con grande piacere in quest\u2019occasione avremo ospite e protagonista <a href=\"https:\/\/www.facebook.com\/gigi.montali?__cft__[0]=AZU2pRC3HWGfDy2UxVlQ1-tQ8rXZdRFhPH2pXu5-e_WY9v3RQ2oUiFTKdHA8mWkNEDjr8KqaG1kCIFO8-TRt28EkM-fPcL_9-_rAy5DRwAXV6Y4Sqoi4ifstYy8ciEOHOnBxbdFjQK97r9WrtWQ-gIII&amp;__tn__=-]K-R\" target=\"_blank\" rel=\"noopener\">Gigi Montali<\/a> con la sua opera <a href=\"https:\/\/www.facebook.com\/hashtag\/mondiumani?__eep__=6&amp;__cft__[0]=AZU2pRC3HWGfDy2UxVlQ1-tQ8rXZdRFhPH2pXu5-e_WY9v3RQ2oUiFTKdHA8mWkNEDjr8KqaG1kCIFO8-TRt28EkM-fPcL_9-_rAy5DRwAXV6Y4Sqoi4ifstYy8ciEOHOnBxbdFjQK97r9WrtWQ-gIII&amp;__tn__=*NK-R\" target=\"_blank\" rel=\"noopener\">#MondiUmani<\/a>.&#8221;Mondi Umani&#8221; racconta il viaggio dell\u2019autore nei mondi dell\u2019essere umano, durato oltre trent\u2019anni e tuttora in corso. Immagini tratte dalla quotidianit\u00e0, scene di vita negli angoli di tutto il mondo. Immagini che raccontano il fascino dei gesti di ogni giorno, come le donne che raccolgono il the in Malawi, ma anche la vicina di casa che prepara la salsa di pomodoro.Parmigiano di nascita, ma cittadino del mondo Gigi, sensibile ed attento fotografo, organizzatore del Festival <a href=\"https:\/\/www.facebook.com\/groups\/223731227644440\/?__cft__[0]=AZU2pRC3HWGfDy2UxVlQ1-tQ8rXZdRFhPH2pXu5-e_WY9v3RQ2oUiFTKdHA8mWkNEDjr8KqaG1kCIFO8-TRt28EkM-fPcL_9-_rAy5DRwAXV6Y4Sqoi4ifstYy8ciEOHOnBxbdFjQK97r9WrtWQ-gIII&amp;__tn__=-UK-R\" target=\"_blank\" rel=\"noopener\">COLORNOPHOTOLIFE<\/a> e amico da sempre di <a href=\"https:\/\/www.facebook.com\/hashtag\/facephotonews?__eep__=6&amp;__cft__[0]=AZU2pRC3HWGfDy2UxVlQ1-tQ8rXZdRFhPH2pXu5-e_WY9v3RQ2oUiFTKdHA8mWkNEDjr8KqaG1kCIFO8-TRt28EkM-fPcL_9-_rAy5DRwAXV6Y4Sqoi4ifstYy8ciEOHOnBxbdFjQK97r9WrtWQ-gIII&amp;__tn__=*NK-R\" target=\"_blank\" rel=\"noopener\">#FacePhotoNews<\/a>. Con lui e le sue opere ripercorreremo il suo viaggio, i mondi che ha visto e narrato attraverso i suoi scatti.<\/p>\n\n\n\n<p> <strong>Orari apertura:dal gioved\u00ec alla domenica 16.30 -19.45 \/ 21.15 &#8211; 23.00 <\/strong><\/p>\n\n\n\n<figure class=\"wp-block-image\"><img loading=\"lazy\" decoding=\"async\" width=\"503\" height=\"720\" src=\"https:\/\/fiaf.net\/marche\/wp-content\/uploads\/sites\/12\/2021\/06\/199919089_1837690029746691_7032395074899146680_n.jpg\" alt=\"\" class=\"wp-image-10103\" srcset=\"https:\/\/fiaf.net\/marche\/wp-content\/uploads\/sites\/12\/2021\/06\/199919089_1837690029746691_7032395074899146680_n.jpg 503w, https:\/\/fiaf.net\/marche\/wp-content\/uploads\/sites\/12\/2021\/06\/199919089_1837690029746691_7032395074899146680_n-210x300.jpg 210w\" sizes=\"auto, (max-width: 503px) 100vw, 503px\" \/><\/figure>\n\t\t\n    <div class=\"xs_social_share_widget xs_share_url after_content \t\tmain_content  wslu-style-1 wslu-share-box-shaped wslu-fill-colored wslu-none wslu-share-horizontal wslu-theme-font-no wslu-main_content\">\n\n\t\t\n        <ul>\n\t\t\t        <\/ul>\n    <\/div> \n","protected":false},"excerpt":{"rendered":"<p>#lemostredifpn25 GIUGNO__11 LUGLIO 2021MONDI UMANI_ Mostra Fotografica di Gigi MontaliChiesa di San Giuseppe_ Piazza Matteotti_Sassoferrato (AN) La necessit\u00e0 emotiva di &hellip;<\/p>\n","protected":false},"author":22,"featured_media":10103,"comment_status":"closed","ping_status":"closed","sticky":false,"template":"","format":"standard","meta":{"_acf_changed":false,"footnotes":""},"categories":[10],"tags":[],"class_list":["post-10102","post","type-post","status-publish","format-standard","has-post-thumbnail","hentry","category-mostre"],"acf":[],"_links":{"self":[{"href":"https:\/\/fiaf.net\/marche\/wp-json\/wp\/v2\/posts\/10102","targetHints":{"allow":["GET"]}}],"collection":[{"href":"https:\/\/fiaf.net\/marche\/wp-json\/wp\/v2\/posts"}],"about":[{"href":"https:\/\/fiaf.net\/marche\/wp-json\/wp\/v2\/types\/post"}],"author":[{"embeddable":true,"href":"https:\/\/fiaf.net\/marche\/wp-json\/wp\/v2\/users\/22"}],"replies":[{"embeddable":true,"href":"https:\/\/fiaf.net\/marche\/wp-json\/wp\/v2\/comments?post=10102"}],"version-history":[{"count":0,"href":"https:\/\/fiaf.net\/marche\/wp-json\/wp\/v2\/posts\/10102\/revisions"}],"wp:featuredmedia":[{"embeddable":true,"href":"https:\/\/fiaf.net\/marche\/wp-json\/wp\/v2\/media\/10103"}],"wp:attachment":[{"href":"https:\/\/fiaf.net\/marche\/wp-json\/wp\/v2\/media?parent=10102"}],"wp:term":[{"taxonomy":"category","embeddable":true,"href":"https:\/\/fiaf.net\/marche\/wp-json\/wp\/v2\/categories?post=10102"},{"taxonomy":"post_tag","embeddable":true,"href":"https:\/\/fiaf.net\/marche\/wp-json\/wp\/v2\/tags?post=10102"}],"curies":[{"name":"wp","href":"https:\/\/api.w.org\/{rel}","templated":true}]}}