{"id":10417,"date":"2021-08-02T20:25:32","date_gmt":"2021-08-02T18:25:32","guid":{"rendered":"https:\/\/fiaf.net\/regioni\/marche\/?p=10140"},"modified":"2021-08-02T20:25:32","modified_gmt":"2021-08-02T18:25:32","slug":"ancona-foto-festival-2021-il-mascherone-ancona","status":"publish","type":"post","link":"https:\/\/fiaf.net\/marche\/ancona-foto-festival-2021-il-mascherone-ancona\/","title":{"rendered":"Ancona Foto Festival 2021 &#8211; Il Mascherone &#8211; Ancona"},"content":{"rendered":"\n\t\t\t\t\n<p>Cari amici,<\/p>\n\n\n\n<p>dopo che, nel 2020, si \u00e8 dovuta annullare l&#8217;edizione &#8211; praticamente pronta &#8211; del nostro festival, e sospendere a met\u00e0 cammino l&#8217;edizione autunnale di Ancona Fotografia, a inizio anno ci siamo messi a testa bassa a lavorare per impostare un programma di alto livello per l&#8217;edizione 2021. Trascorso il primo semestre per il perdurare dei blocchi, in accordo con l&#8217;Assessore alla cultura del Comune di Ancona, abbiamo scelto il periodo estivo per lo svolgimento di AFF 2021.<br>I nostri sforzi sono stati premiati anche perch\u00e8 il Comune ci ha concesso per un intero mese l&#8217;utilizzo della Sale Vanvitelli della Mole Vanvitelliana, la sala che ha gi\u00e0 visto il passaggio di Letizia Battaglia, Cartier-Bresson e altri mostri sacri della fotografia internazionale.<\/p>\n\n\n\n<p>Vogliamo invitarvi, quindi, all&#8217;<strong>inaugurazione di Ancona Foto Festival 2021<\/strong>, fissata per <strong>sabato 14 agosto alle 17,30<\/strong>, <strong><em>con un incontro con<\/em><\/strong> il grande fotoreporter <strong><em>Mauro Galligani<\/em><\/strong>.<br>Avremo in esposizione per tutto il periodo 12 lavori di 11 autori: <br><br><em>Susi Belianska \u2013 Secret garden # <\/em><br><em>Giuseppe Cardoni \u2013 Jazz notes e Boxing notes # <\/em><br><em>Ignacio Coccia \u2013 Le altre anime dell&#8217;est # <\/em><br><em>Valeria Coli \u2013 Amaltea # <\/em><br><em>Gianluca Colonnese \u2013 La morte dei patriarchi # <\/em><br><em>Simone Francescangeli \u2013 La solitudine dei cipressi # <\/em><br><em>Giulia Gatti \u2013 Su mia madre tira vento # <\/em><br><em>Giorgio\u00a0 Negro \u2013 Pathos # <\/em><br><em>Gigi Soldano \u2013 Sfide oltre i miei occhi # <\/em><br><em>Nikita Teryoshin \u2013 Nothing personal back office of war # <\/em><br><em>Gianluca Uda \u2013 Qualcosa del mare.<\/em><br><br><strong>Susi Belianska<\/strong>, fotografa di moda di livello internazionale, terr\u00e0 un\u00a0<strong>workshop\u00a0<\/strong>su questo filone all&#8217;inizio di settembre (allegata locandina).<br>Avremo diversi\u00a0<strong>incontri\u00a0<\/strong>con gli autori, sui quali saremo pi\u00f9 precisi appena possibile.<br><br>Quest&#8217;anno ci sar\u00e0 una bella e intrigante novit\u00e0: all&#8217;entrata della mostra troverete un\u00a0<strong>BookShop\u00a0<\/strong>curato da Simona Rossi della Libreria Fogola di Piazza Cavour, con libri di fotografia e non solo; sono inoltre in preparazione\u00a0<strong>ulteriori iniziative\u00a0<\/strong>in collaborazione con F\u00e0gola &#8211; la booktique di Fogola<br><br>Per ogni informazione potete consultare il nostro sito <strong><a rel=\"noreferrer noopener\" href=\"http:\/\/www.anconafotofestival.it\/\" target=\"_blank\">www.anconafotofestival.it<\/a><\/strong>, la nostra pagina FB, l&#8217;evento FB a questo indirizzo\u00a0<strong><a rel=\"noreferrer noopener\" href=\"https:\/\/www.facebook.com\/events\/835448224041217\/\" target=\"_blank\">https:\/\/www.facebook.com\/events\/835448224041217\/<br><\/a><\/strong>Siamo a disposizione per eventuali chiarimenti sul programma: Danilo Antolini 3331626896 &#8211; Sauro Marini 3896655152<em>Alleghiamo alla presente:<\/em><br><\/p>\n\n\n\n<ul class=\"wp-block-gallery columns-3 is-cropped wp-block-gallery-1 is-layout-flex wp-block-gallery-is-layout-flex\"><li class=\"blocks-gallery-item\"><figure><img decoding=\"async\" src=\"https:\/\/fiaf.net\/marche\/wp-content\/uploads\/sites\/12\/2021\/08\/Frame_web.jpg\" alt=\"\" data-id=\"10141\" data-link=\"https:\/\/fiaf.net\/regioni\/marche\/?attachment_id=10141\" class=\"wp-image-10141\" \/><\/figure><\/li><li class=\"blocks-gallery-item\"><figure><img decoding=\"async\" src=\"https:\/\/fiaf.net\/marche\/wp-content\/uploads\/sites\/12\/2021\/08\/Workshop_Belianska1-723x1024.jpg\" alt=\"\" data-id=\"10142\" data-link=\"https:\/\/fiaf.net\/regioni\/marche\/?attachment_id=10142\" class=\"wp-image-10142\" \/><\/figure><\/li><li class=\"blocks-gallery-item\"><figure><img decoding=\"async\" src=\"https:\/\/fiaf.net\/marche\/wp-content\/uploads\/sites\/12\/2021\/08\/Workshop_Belianska2-724x1024.jpg\" alt=\"\" data-id=\"10143\" data-link=\"https:\/\/fiaf.net\/regioni\/marche\/?attachment_id=10143\" class=\"wp-image-10143\" \/><\/figure><\/li><\/ul>\n\n\n\n<div class=\"wp-block-file\"><a href=\"https:\/\/fiaf.net\/marche\/wp-content\/uploads\/sites\/12\/2021\/08\/AFF2021_Depliant_OK.pdf\">ANCONA FOTO FESTIVA 2021 &#8211; DEPLIANT<\/a><a href=\"https:\/\/fiaf.net\/marche\/wp-content\/uploads\/sites\/12\/2021\/08\/AFF2021_Depliant_OK.pdf\" class=\"wp-block-file__button\" download>Scarica<\/a><\/div>\n\t\t\n    <div class=\"xs_social_share_widget xs_share_url after_content \t\tmain_content  wslu-style-1 wslu-share-box-shaped wslu-fill-colored wslu-none wslu-share-horizontal wslu-theme-font-no wslu-main_content\">\n\n\t\t\n        <ul>\n\t\t\t        <\/ul>\n    <\/div> \n","protected":false},"excerpt":{"rendered":"<p>Cari amici, dopo che, nel 2020, si \u00e8 dovuta annullare l&#8217;edizione &#8211; praticamente pronta &#8211; del nostro festival, e sospendere &hellip;<\/p>\n","protected":false},"author":22,"featured_media":0,"comment_status":"closed","ping_status":"closed","sticky":false,"template":"","format":"standard","meta":{"_acf_changed":false,"footnotes":""},"categories":[4,10],"tags":[],"class_list":["post-10417","post","type-post","status-publish","format-standard","hentry","category-attivitacircoli","category-mostre"],"acf":[],"_links":{"self":[{"href":"https:\/\/fiaf.net\/marche\/wp-json\/wp\/v2\/posts\/10417","targetHints":{"allow":["GET"]}}],"collection":[{"href":"https:\/\/fiaf.net\/marche\/wp-json\/wp\/v2\/posts"}],"about":[{"href":"https:\/\/fiaf.net\/marche\/wp-json\/wp\/v2\/types\/post"}],"author":[{"embeddable":true,"href":"https:\/\/fiaf.net\/marche\/wp-json\/wp\/v2\/users\/22"}],"replies":[{"embeddable":true,"href":"https:\/\/fiaf.net\/marche\/wp-json\/wp\/v2\/comments?post=10417"}],"version-history":[{"count":0,"href":"https:\/\/fiaf.net\/marche\/wp-json\/wp\/v2\/posts\/10417\/revisions"}],"wp:attachment":[{"href":"https:\/\/fiaf.net\/marche\/wp-json\/wp\/v2\/media?parent=10417"}],"wp:term":[{"taxonomy":"category","embeddable":true,"href":"https:\/\/fiaf.net\/marche\/wp-json\/wp\/v2\/categories?post=10417"},{"taxonomy":"post_tag","embeddable":true,"href":"https:\/\/fiaf.net\/marche\/wp-json\/wp\/v2\/tags?post=10417"}],"curies":[{"name":"wp","href":"https:\/\/api.w.org\/{rel}","templated":true}]}}