{"id":10562,"date":"2022-01-28T16:52:21","date_gmt":"2022-01-28T15:52:21","guid":{"rendered":"https:\/\/fiaf.net\/marche\/?p=10562"},"modified":"2022-01-28T16:52:21","modified_gmt":"2022-01-28T15:52:21","slug":"incontro-con-lautore-giancarla-lorenzini-circolo-fotografico-effettoluce","status":"publish","type":"post","link":"https:\/\/fiaf.net\/marche\/incontro-con-lautore-giancarla-lorenzini-circolo-fotografico-effettoluce\/","title":{"rendered":"[INCONTRO CON L&#8217;AUTORE] &#8211; Giancarla Lorenzini BFI &#8211; Circolo Fotografico Effetto Luce &#8211; Monte Urano"},"content":{"rendered":"<p>Il <strong>Circolo Fotografico Effetto Luce di Monte Urano<\/strong> ha il piacere di invitare tutti a partecipare all&#8217;incontro in presenza con <strong>Giancarla Lorenzini<\/strong> <em>BFI, Animatore culturale Fiaf, referente del Laboratorio Progetto Nazionale Ambiente, Clima, Futuro per la Regione Marche<\/em>.<\/p>\n<p>A partire dalle <em><strong>ore 21.30 a Monte Urano in via Gioberti, 2 &#8211; c\/o Mercato Coperto (piano 2)<\/strong><\/em>, l&#8217;autrice racconter\u00e0 se stessa ed il suo mondo della fotografia. Dal momento che Giancarla \u00e8 molto eclettica ed ha un modo di vedere il mondo molto particolare, ci si aspetter\u00e0 di avere anche delle belle sorprese durante il suo racconto.<br \/>\nPer questo motivo non si pu\u00f2 mancare a questo appuntamento.<\/p>\n<p>Dal momento che l&#8217;evento si terr\u00e0 dal vivo, verranno seguite tutte le procedure nel pieno rispetto delle normativa Anti Covid-19.<\/p>\n<p>Non mancate.<\/p>\n<p>&nbsp;<\/p>\n<p><img loading=\"lazy\" decoding=\"async\" class=\"alignnone size-large wp-image-10563\" src=\"https:\/\/fiaf.net\/marche\/wp-content\/uploads\/sites\/12\/2022\/01\/WhatsApp-Image-2022-01-28-at-09.09.27-1024x512.jpeg\" alt=\"\" width=\"1024\" height=\"512\" srcset=\"https:\/\/fiaf.net\/marche\/wp-content\/uploads\/sites\/12\/2022\/01\/WhatsApp-Image-2022-01-28-at-09.09.27-1024x512.jpeg 1024w, https:\/\/fiaf.net\/marche\/wp-content\/uploads\/sites\/12\/2022\/01\/WhatsApp-Image-2022-01-28-at-09.09.27-300x150.jpeg 300w, https:\/\/fiaf.net\/marche\/wp-content\/uploads\/sites\/12\/2022\/01\/WhatsApp-Image-2022-01-28-at-09.09.27-768x384.jpeg 768w, https:\/\/fiaf.net\/marche\/wp-content\/uploads\/sites\/12\/2022\/01\/WhatsApp-Image-2022-01-28-at-09.09.27-1536x768.jpeg 1536w, https:\/\/fiaf.net\/marche\/wp-content\/uploads\/sites\/12\/2022\/01\/WhatsApp-Image-2022-01-28-at-09.09.27.jpeg 1600w\" sizes=\"auto, (max-width: 1024px) 100vw, 1024px\" \/><\/p>\n\n    <div class=\"xs_social_share_widget xs_share_url after_content \t\tmain_content  wslu-style-1 wslu-share-box-shaped wslu-fill-colored wslu-none wslu-share-horizontal wslu-theme-font-no wslu-main_content\">\n\n\t\t\n        <ul>\n\t\t\t        <\/ul>\n    <\/div> \n","protected":false},"excerpt":{"rendered":"<p>Il Circolo Fotografico Effetto Luce di Monte Urano ha il piacere di invitare tutti a partecipare all&#8217;incontro in presenza con &hellip;<\/p>\n","protected":false},"author":22,"featured_media":10564,"comment_status":"closed","ping_status":"closed","sticky":false,"template":"","format":"standard","meta":{"_acf_changed":false,"footnotes":""},"categories":[4],"tags":[],"class_list":["post-10562","post","type-post","status-publish","format-standard","has-post-thumbnail","hentry","category-attivitacircoli"],"acf":[],"_links":{"self":[{"href":"https:\/\/fiaf.net\/marche\/wp-json\/wp\/v2\/posts\/10562","targetHints":{"allow":["GET"]}}],"collection":[{"href":"https:\/\/fiaf.net\/marche\/wp-json\/wp\/v2\/posts"}],"about":[{"href":"https:\/\/fiaf.net\/marche\/wp-json\/wp\/v2\/types\/post"}],"author":[{"embeddable":true,"href":"https:\/\/fiaf.net\/marche\/wp-json\/wp\/v2\/users\/22"}],"replies":[{"embeddable":true,"href":"https:\/\/fiaf.net\/marche\/wp-json\/wp\/v2\/comments?post=10562"}],"version-history":[{"count":2,"href":"https:\/\/fiaf.net\/marche\/wp-json\/wp\/v2\/posts\/10562\/revisions"}],"predecessor-version":[{"id":10566,"href":"https:\/\/fiaf.net\/marche\/wp-json\/wp\/v2\/posts\/10562\/revisions\/10566"}],"wp:featuredmedia":[{"embeddable":true,"href":"https:\/\/fiaf.net\/marche\/wp-json\/wp\/v2\/media\/10564"}],"wp:attachment":[{"href":"https:\/\/fiaf.net\/marche\/wp-json\/wp\/v2\/media?parent=10562"}],"wp:term":[{"taxonomy":"category","embeddable":true,"href":"https:\/\/fiaf.net\/marche\/wp-json\/wp\/v2\/categories?post=10562"},{"taxonomy":"post_tag","embeddable":true,"href":"https:\/\/fiaf.net\/marche\/wp-json\/wp\/v2\/tags?post=10562"}],"curies":[{"name":"wp","href":"https:\/\/api.w.org\/{rel}","templated":true}]}}