{"id":10726,"date":"2022-05-21T10:15:48","date_gmt":"2022-05-21T08:15:48","guid":{"rendered":"https:\/\/fiaf.net\/marche\/?p=10726"},"modified":"2022-05-21T10:08:10","modified_gmt":"2022-05-21T08:08:10","slug":"10726-2","status":"publish","type":"post","link":"https:\/\/fiaf.net\/marche\/10726-2\/","title":{"rendered":"[EVENTI] &#8211; Leica Day &#8211; Festival di Fotografia Montefano &#8211; Associazione Effetto Ghergo"},"content":{"rendered":"<p>Il <strong>Festival di Fotografia di Montefano<\/strong>, organizzato dall&#8217;<strong>Associazione Effetto Ghergo<\/strong>, quest&#8217;anno ospiter\u00e0 nel suo contenitore di eventi una giornata dedicata all&#8217;affascinante mondo Leica.<\/p>\n<p><strong>Domenica 22 maggio dalle ore 10 alle ore 18<\/strong>, <strong>presso il Teatro &#8220;La Rondinella&#8221; di Montefano<\/strong>, grazie alla disponibilit\u00e0 di Valentino del negozio Foto Emmegi di Civitanova Marche, sar\u00e0 possibile passare una giornata in compagnia di Leica e di tutta la sua magnifica storia e le sue preziose fotocamere.<br \/>\n<em>All&#8217;interno dello stesso Teatro sar\u00e0 possibile provare le macchine messe a disposizione e ci sar\u00e0 anche la presenza di una modella per far delle prove reali di scatto<\/em>.<br \/>\n<em>Come tutor d&#8217;eccezione<\/em> ci sar\u00e0 <strong>Andrea Rotili, Leica Ambassador<\/strong>, che affiancher\u00e0 chiunque abbia voglia di provare una Leica.<br \/>\n<em>Lo stesso Andrea Rotili sar\u00e0 felice di poter fare da Cicerone alla sua mostra dal titolo &#8220;Ogni piccola cosa&#8221; che \u00e8 in corso proprio a Montefano presso il Museo Ghergo e terminer\u00e0 proprio il 22 maggio.<\/em><\/p>\n<p>Inoltre, per concludere la giornata, l&#8217;organizzazione ha il piacere di invitare tutti al concerto che si terr\u00e0 sempre all&#8217;interno del Teatro &#8220;La Rondinella&#8221; dalle ore 21.30 e che vedr\u00e0 protagonisti i Tetrachorus, un duo formato da Fisarmonica e Percussioni<\/p>\n<p>Per cui non mancate a questo evento straordinario.<\/p>\n<p><img loading=\"lazy\" decoding=\"async\" class=\"alignnone size-large wp-image-10720\" src=\"https:\/\/fiaf.net\/marche\/wp-content\/uploads\/sites\/12\/2022\/05\/WhatsApp-Image-2022-05-09-at-20.54.57-717x1024.jpeg\" alt=\"\" width=\"717\" height=\"1024\" srcset=\"https:\/\/fiaf.net\/marche\/wp-content\/uploads\/sites\/12\/2022\/05\/WhatsApp-Image-2022-05-09-at-20.54.57-717x1024.jpeg 717w, https:\/\/fiaf.net\/marche\/wp-content\/uploads\/sites\/12\/2022\/05\/WhatsApp-Image-2022-05-09-at-20.54.57-210x300.jpeg 210w, https:\/\/fiaf.net\/marche\/wp-content\/uploads\/sites\/12\/2022\/05\/WhatsApp-Image-2022-05-09-at-20.54.57-768x1096.jpeg 768w, https:\/\/fiaf.net\/marche\/wp-content\/uploads\/sites\/12\/2022\/05\/WhatsApp-Image-2022-05-09-at-20.54.57-1076x1536.jpeg 1076w, https:\/\/fiaf.net\/marche\/wp-content\/uploads\/sites\/12\/2022\/05\/WhatsApp-Image-2022-05-09-at-20.54.57.jpeg 1121w\" sizes=\"auto, (max-width: 717px) 100vw, 717px\" \/><\/p>\n<p>&nbsp;<\/p>\n<p><img loading=\"lazy\" decoding=\"async\" class=\"alignnone size-large wp-image-10750\" src=\"https:\/\/fiaf.net\/marche\/wp-content\/uploads\/sites\/12\/2022\/05\/WhatsApp-Image-2022-05-20-at-16.50.42-716x1024.jpeg\" alt=\"\" width=\"716\" height=\"1024\" srcset=\"https:\/\/fiaf.net\/marche\/wp-content\/uploads\/sites\/12\/2022\/05\/WhatsApp-Image-2022-05-20-at-16.50.42-716x1024.jpeg 716w, https:\/\/fiaf.net\/marche\/wp-content\/uploads\/sites\/12\/2022\/05\/WhatsApp-Image-2022-05-20-at-16.50.42-210x300.jpeg 210w, https:\/\/fiaf.net\/marche\/wp-content\/uploads\/sites\/12\/2022\/05\/WhatsApp-Image-2022-05-20-at-16.50.42-768x1099.jpeg 768w, https:\/\/fiaf.net\/marche\/wp-content\/uploads\/sites\/12\/2022\/05\/WhatsApp-Image-2022-05-20-at-16.50.42-1073x1536.jpeg 1073w, https:\/\/fiaf.net\/marche\/wp-content\/uploads\/sites\/12\/2022\/05\/WhatsApp-Image-2022-05-20-at-16.50.42.jpeg 1118w\" sizes=\"auto, (max-width: 716px) 100vw, 716px\" \/><\/p>\n<p>&nbsp;<\/p>\n\n    <div class=\"xs_social_share_widget xs_share_url after_content \t\tmain_content  wslu-style-1 wslu-share-box-shaped wslu-fill-colored wslu-none wslu-share-horizontal wslu-theme-font-no wslu-main_content\">\n\n\t\t\n        <ul>\n\t\t\t        <\/ul>\n    <\/div> \n","protected":false},"excerpt":{"rendered":"<p>Il Festival di Fotografia di Montefano, organizzato dall&#8217;Associazione Effetto Ghergo, quest&#8217;anno ospiter\u00e0 nel suo contenitore di eventi una giornata dedicata &hellip;<\/p>\n","protected":false},"author":22,"featured_media":10728,"comment_status":"closed","ping_status":"closed","sticky":false,"template":"","format":"standard","meta":{"_acf_changed":false,"footnotes":""},"categories":[4],"tags":[],"class_list":["post-10726","post","type-post","status-publish","format-standard","has-post-thumbnail","hentry","category-attivitacircoli"],"acf":[],"_links":{"self":[{"href":"https:\/\/fiaf.net\/marche\/wp-json\/wp\/v2\/posts\/10726","targetHints":{"allow":["GET"]}}],"collection":[{"href":"https:\/\/fiaf.net\/marche\/wp-json\/wp\/v2\/posts"}],"about":[{"href":"https:\/\/fiaf.net\/marche\/wp-json\/wp\/v2\/types\/post"}],"author":[{"embeddable":true,"href":"https:\/\/fiaf.net\/marche\/wp-json\/wp\/v2\/users\/22"}],"replies":[{"embeddable":true,"href":"https:\/\/fiaf.net\/marche\/wp-json\/wp\/v2\/comments?post=10726"}],"version-history":[{"count":5,"href":"https:\/\/fiaf.net\/marche\/wp-json\/wp\/v2\/posts\/10726\/revisions"}],"predecessor-version":[{"id":10751,"href":"https:\/\/fiaf.net\/marche\/wp-json\/wp\/v2\/posts\/10726\/revisions\/10751"}],"wp:featuredmedia":[{"embeddable":true,"href":"https:\/\/fiaf.net\/marche\/wp-json\/wp\/v2\/media\/10728"}],"wp:attachment":[{"href":"https:\/\/fiaf.net\/marche\/wp-json\/wp\/v2\/media?parent=10726"}],"wp:term":[{"taxonomy":"category","embeddable":true,"href":"https:\/\/fiaf.net\/marche\/wp-json\/wp\/v2\/categories?post=10726"},{"taxonomy":"post_tag","embeddable":true,"href":"https:\/\/fiaf.net\/marche\/wp-json\/wp\/v2\/tags?post=10726"}],"curies":[{"name":"wp","href":"https:\/\/api.w.org\/{rel}","templated":true}]}}