{"id":10839,"date":"2022-08-04T09:42:41","date_gmt":"2022-08-04T07:42:41","guid":{"rendered":"https:\/\/fiaf.net\/marche\/?p=10839"},"modified":"2022-08-04T09:42:41","modified_gmt":"2022-08-04T07:42:41","slug":"incontro-dedicato-a-cecilia-magini-a-cura-di-massimo-raffaeli-paolo-pisanelli-e-claudio-domini-ancona-foto-festival-2022","status":"publish","type":"post","link":"https:\/\/fiaf.net\/marche\/incontro-dedicato-a-cecilia-magini-a-cura-di-massimo-raffaeli-paolo-pisanelli-e-claudio-domini-ancona-foto-festival-2022\/","title":{"rendered":"[INCONTRO] &#8211; Dedicato a Cecilia Magini &#8211; a cura di Massimo Raffaeli, Paolo Pisanelli e Claudio Domini &#8211; Ancona Foto Festival 2022"},"content":{"rendered":"<p><strong>Sabato 6 agosto ore 18<\/strong><\/p>\n<p><strong>&#8220;Dedicato a Cecilia Mangini&#8221;<\/strong><\/p>\n<p><span style=\"font-weight: 400\">con <\/span><span style=\"font-weight: 400\"><strong>Massimo Raffaeli<\/strong> critico letterario, <\/span><span style=\"font-weight: 400\"><strong>Paolo Pisanelli e Claudio Domini<\/strong> curatori dell&#8217;archivio fotografico di Cecilia Mangini \u201cP.P.Pasolini nelle fotografie di Cecilia Mangini. Uno sguardo partecipe\u201d<\/span><\/p>\n<p><strong>Mole Vanvitelliana &#8211; Magazzino Tabacchi<\/strong><\/p>\n<blockquote class=\"wp-embedded-content\" data-secret=\"qaVXKcHs3m\"><p><a href=\"https:\/\/www.anconafotofestival.it\/\" target=\"_blank\" rel=\"noopener\">Home page<\/a><\/p><\/blockquote>\n<p><iframe loading=\"lazy\" class=\"wp-embedded-content\" sandbox=\"allow-scripts\" security=\"restricted\" style=\"position: absolute; clip: rect(1px, 1px, 1px, 1px);\" title=\"&#8220;Home page&#8221; &#8212; Ancona Foto Festival\" src=\"https:\/\/www.anconafotofestival.it\/embed\/#?secret=UKDPCLsMm6#?secret=qaVXKcHs3m\" data-secret=\"qaVXKcHs3m\" width=\"500\" height=\"282\" frameborder=\"0\" marginwidth=\"0\" marginheight=\"0\" scrolling=\"no\"><\/iframe><\/p>\n<p><span style=\"font-weight: 400\">Ci sono esperienze della vita che \u00e8 bello ricordare, altre no. Il tema di questo film riguarda un viaggio nel Vietnam del Nord in guerra con gli Stati Uniti tra il 1965 e il 1966, un viaggio che Cecilia Mangini, la protagonista della storia, fa molta fatica a ricordare, una ferita ancora aperta perch\u00e9 Lino Del Fra e lei avrebbero dovuto girare un film documentario che non \u00e8 mai stato realizzato. Dopo pi\u00f9 di cinquant\u2019anni una piccola grande scoperta di due scatole dimenticate si rivela l\u2019occasione per raccontare quel viaggio in un breve film che recupera lentamente un filo di memoria assemblando parole e immagini dimenticate da tanto tempo. E\u2019 una sorta di guerra contro se stessi, tra il dire e il non dire, ricordare e non ricordare.<\/span><\/p>\n<p><span style=\"font-weight: 400\">Nel realizzare il corto Cecilia Mangini ha superato un po\u2019 il dolore per quel film non fatto, ha vinto reticenze e amnesie, ha deciso di innescare il recupero delle sue memorie.<\/span><\/p>\n<p><span style=\"font-weight: 400\">Ma solo dopo averlo realizzato ha deciso di riaprire due diari \u00ad il suo e quello di Lino Del Fra \u2013, ha avuto la fortuna di ritrovare i dischi e le riviste che erano ancora dispersi in casa sua, tra armadi, librerie e scaffali. Soprattutto \u00e8 venuto fuori un mucchio di corrispondenza, tra cui la straordinaria lettera a Ho Chi Minh.<\/span><\/p>\n<p><span style=\"font-weight: 400\">Cos\u00ec dopo LE VIETNAM SERA LIBRE \u00e8 stato realizzato DUE SCATOLE DIMENTICATE, un medio metraggio che racconta tutta l\u2019esperienza<\/span><\/p>\n<p><span style=\"font-weight: 400\">vietnamita: entrambi i film fanno parte di un processo reale di narrazione di un viaggio in Vietnam, un film di guerra rispetto ad un passato che a volte si ricorda e a volte si dimentica, un film \u201cda camera\u201d che vuole riconciliarsi con il passato ed \u00e8 stato ricostruito in tempi diversi, il cortometraggio nell\u2019arco di 4 mesi, il medio metraggio ha richiesto altri 6 mesi. Il cinema documentario\/del reale\/dell\u2019irreale\/non fiction\/fiction ovvero il cinema che facciamo ci riserva sempre sorprese e scoperte impossibili da pianificare a tavolino in una sceneggiatura.<\/span><\/p>\n<p><span style=\"font-weight: 400\">Passa il tempo, viviamo, filmiamo\u2026 alla fine ecco la storia da raccontare, o almeno quello che si ha la capacit\u00e0 di ricordare.<\/span><\/p>\n<p><img loading=\"lazy\" decoding=\"async\" class=\"alignnone size-large wp-image-10841\" src=\"https:\/\/fiaf.net\/marche\/wp-content\/uploads\/sites\/12\/2022\/08\/WhatsApp-Image-2022-08-04-at-07.10.56-724x1024.jpeg\" alt=\"\" width=\"724\" height=\"1024\" srcset=\"https:\/\/fiaf.net\/marche\/wp-content\/uploads\/sites\/12\/2022\/08\/WhatsApp-Image-2022-08-04-at-07.10.56-724x1024.jpeg 724w, https:\/\/fiaf.net\/marche\/wp-content\/uploads\/sites\/12\/2022\/08\/WhatsApp-Image-2022-08-04-at-07.10.56-212x300.jpeg 212w, https:\/\/fiaf.net\/marche\/wp-content\/uploads\/sites\/12\/2022\/08\/WhatsApp-Image-2022-08-04-at-07.10.56-768x1086.jpeg 768w, https:\/\/fiaf.net\/marche\/wp-content\/uploads\/sites\/12\/2022\/08\/WhatsApp-Image-2022-08-04-at-07.10.56-1086x1536.jpeg 1086w, https:\/\/fiaf.net\/marche\/wp-content\/uploads\/sites\/12\/2022\/08\/WhatsApp-Image-2022-08-04-at-07.10.56.jpeg 1131w\" sizes=\"auto, (max-width: 724px) 100vw, 724px\" \/><\/p>\n\n    <div class=\"xs_social_share_widget xs_share_url after_content \t\tmain_content  wslu-style-1 wslu-share-box-shaped wslu-fill-colored wslu-none wslu-share-horizontal wslu-theme-font-no wslu-main_content\">\n\n\t\t\n        <ul>\n\t\t\t        <\/ul>\n    <\/div> \n","protected":false},"excerpt":{"rendered":"<p>Sabato 6 agosto ore 18 &#8220;Dedicato a Cecilia Mangini&#8221; con Massimo Raffaeli critico letterario, Paolo Pisanelli e Claudio Domini curatori &hellip;<\/p>\n","protected":false},"author":22,"featured_media":10844,"comment_status":"closed","ping_status":"closed","sticky":false,"template":"","format":"standard","meta":{"_acf_changed":false,"footnotes":""},"categories":[4],"tags":[],"class_list":["post-10839","post","type-post","status-publish","format-standard","has-post-thumbnail","hentry","category-attivitacircoli"],"acf":[],"_links":{"self":[{"href":"https:\/\/fiaf.net\/marche\/wp-json\/wp\/v2\/posts\/10839","targetHints":{"allow":["GET"]}}],"collection":[{"href":"https:\/\/fiaf.net\/marche\/wp-json\/wp\/v2\/posts"}],"about":[{"href":"https:\/\/fiaf.net\/marche\/wp-json\/wp\/v2\/types\/post"}],"author":[{"embeddable":true,"href":"https:\/\/fiaf.net\/marche\/wp-json\/wp\/v2\/users\/22"}],"replies":[{"embeddable":true,"href":"https:\/\/fiaf.net\/marche\/wp-json\/wp\/v2\/comments?post=10839"}],"version-history":[{"count":3,"href":"https:\/\/fiaf.net\/marche\/wp-json\/wp\/v2\/posts\/10839\/revisions"}],"predecessor-version":[{"id":10845,"href":"https:\/\/fiaf.net\/marche\/wp-json\/wp\/v2\/posts\/10839\/revisions\/10845"}],"wp:featuredmedia":[{"embeddable":true,"href":"https:\/\/fiaf.net\/marche\/wp-json\/wp\/v2\/media\/10844"}],"wp:attachment":[{"href":"https:\/\/fiaf.net\/marche\/wp-json\/wp\/v2\/media?parent=10839"}],"wp:term":[{"taxonomy":"category","embeddable":true,"href":"https:\/\/fiaf.net\/marche\/wp-json\/wp\/v2\/categories?post=10839"},{"taxonomy":"post_tag","embeddable":true,"href":"https:\/\/fiaf.net\/marche\/wp-json\/wp\/v2\/tags?post=10839"}],"curies":[{"name":"wp","href":"https:\/\/api.w.org\/{rel}","templated":true}]}}