{"id":11222,"date":"2023-04-01T12:10:32","date_gmt":"2023-04-01T10:10:32","guid":{"rendered":"https:\/\/fiaf.net\/marche\/?p=11222"},"modified":"2023-04-01T12:10:32","modified_gmt":"2023-04-01T10:10:32","slug":"comunicazioni-lutti-in-terra-marchigiana","status":"publish","type":"post","link":"https:\/\/fiaf.net\/marche\/comunicazioni-lutti-in-terra-marchigiana\/","title":{"rendered":"[COMUNICAZIONI] &#8211; Lutti in terra marchigiana"},"content":{"rendered":"<div class=\"gmail_default\">Carissimi tutti,<\/div>\n<div class=\"gmail_default\"><\/div>\n<div class=\"gmail_default\">utilizzo questo mezzo in maniera alternativa oggi.<\/div>\n<div class=\"gmail_default\">Di solito il senso delle mail \u00e8 quello di informare sulle notizie, novit\u00e0 e comunicazioni del mondo FIAF, nazionale e regionale.<\/div>\n<div><\/div>\n<div class=\"gmail_default\">Oggi per\u00f2 mi sento di dover dare a tutti due notizie molto tristi.<\/div>\n<div class=\"gmail_default\"><\/div>\n<div><img loading=\"lazy\" decoding=\"async\" class=\"alignnone size-medium wp-image-11223\" src=\"https:\/\/fiaf.net\/marche\/wp-content\/uploads\/sites\/12\/2023\/04\/66316224_111973663434377_8521693149419012096_n-300x300.jpg\" alt=\"\" width=\"300\" height=\"300\" srcset=\"https:\/\/fiaf.net\/marche\/wp-content\/uploads\/sites\/12\/2023\/04\/66316224_111973663434377_8521693149419012096_n-300x300.jpg 300w, https:\/\/fiaf.net\/marche\/wp-content\/uploads\/sites\/12\/2023\/04\/66316224_111973663434377_8521693149419012096_n-150x150.jpg 150w, https:\/\/fiaf.net\/marche\/wp-content\/uploads\/sites\/12\/2023\/04\/66316224_111973663434377_8521693149419012096_n-768x768.jpg 768w, https:\/\/fiaf.net\/marche\/wp-content\/uploads\/sites\/12\/2023\/04\/66316224_111973663434377_8521693149419012096_n.jpg 852w\" sizes=\"auto, (max-width: 300px) 100vw, 300px\" \/><\/div>\n<div class=\"gmail_default\">Una delle due l&#8217;avrete gi\u00e0 saputa:\u00a0<b>Gioacchino Castellani<\/b>\u00a0ci ha lasciati e di questo me ne rammarico veramente tanto. Gioacchino \u00e8 stato un cultore della fotografia analogica, uno stampatore attento e molto apprezzato, ha ricoperto ruoli importanti in FIAF portando, a modo suo, la cultura fotografia in giro per la nostra regione e non solo: ha ricoperto la carica di Delegato provinciale di Ancona per diversi anni ed era un collaboratore del Dipartimento Didattica della Federazione; \u00e8 stato fondatore del Circolo AVIS Mario Giacomelli di Osimo e socio di Circolo AVIS di Chiaravalle e Circolo Culturale Massimo Ferretti di Jesi. Ci sarebbe ancora molto da scrivere su di lui, ma vorrei condividere con voi quanto \u00e8 stato scritto ieri da Vincenzo Marzocchini in merito alla sua vita, perch\u00e8 secondo me rispecchia in pieno quanto \u00e8 stata importante la fotografia per Gioacchino:<\/div>\n<div class=\"gmail_default\"><span style=\"color: #000000\">\u00a0<\/span><\/div>\n<blockquote class=\"gmail_quote\"><p><span style=\"color: #ffffff\"><i>&#8220;\u00c8 stato per noi fotografi un grande \u201cMaestro\u201d della Camera oscura: perfette le sue esecuzioni su carte baritate nella composizione e soprattutto nella resa della scala tonale che diventavano veri spartiti musicali nell\u2019equilibrio dei valori \u201calti\u201d e \u201cbassi\u201d.<br \/>\n\u00c8 vero,\u00a0era uno strenuo difensore alla \u201cBerengo Gardin\u201d della fotografia chimica degli alogenuri d\u2019argento, ma il suo era un peccato veniale perch\u00e9 sapeva apprezzare tutta la fotografia se di qualit\u00e0.<br \/>\nRicordo il suo entusiasmo quando si parlava di fotografia definita analogica e discutevamo a volte con forti contrasti di autori e tendenze, era difficile scalfire le sue convinzioni.<br \/>\n\u00c8 stato, oltre che un provetto e certosino stampatore, uno studioso e profondo conoscitore della fotografia marchigiana e internazionale, un animatore di serate a temi specifici e un divulgatore della storia fotografica, curatore di mostre e di numerose pubblicazioni sulla produzione fotografica marchigiana.<span class=\"gmail_default\">\u200b&#8221;\u200b<\/span><\/i><\/span><\/p><\/blockquote>\n<div>\n<div class=\"gmail_signature\" dir=\"ltr\" data-smartmail=\"gmail_signature\">\n<div dir=\"ltr\">\n<div>\n<div dir=\"ltr\"><img loading=\"lazy\" decoding=\"async\" class=\"alignnone size-medium wp-image-11224\" src=\"https:\/\/fiaf.net\/marche\/wp-content\/uploads\/sites\/12\/2023\/04\/337873765_178055054623117_677865456714284798_n-300x294.jpg\" alt=\"\" width=\"300\" height=\"294\" srcset=\"https:\/\/fiaf.net\/marche\/wp-content\/uploads\/sites\/12\/2023\/04\/337873765_178055054623117_677865456714284798_n-300x294.jpg 300w, https:\/\/fiaf.net\/marche\/wp-content\/uploads\/sites\/12\/2023\/04\/337873765_178055054623117_677865456714284798_n.jpg 430w\" sizes=\"auto, (max-width: 300px) 100vw, 300px\" \/><\/div>\n<div dir=\"ltr\">\n<div class=\"gmail_default\">\u200bInoltre volevo comunicarvi che qualche giorno fa ci ha anche lasciati\u00a0<b>Luciano Francioni<\/b>, ultimo presidente dello storico Circolo &#8220;Senza Testa&#8221; di Osimo\u200b.<\/div>\n<div class=\"gmail_default\">Di lui conosco poco la vita, ma lo vorrei ricordare per il suo impegno con il Circolo che ha fatto parte della Famiglia FIAF per molti anni e che ha sfornato molti talenti della fotografia marchigiana e non solo.<\/div>\n<\/div>\n<div dir=\"ltr\">\n<div class=\"gmail_default\">\u200bSentite condoglianze alle famiglie che sono state colpite da questi lutti.<\/div>\n<\/div>\n<div>____________________________________<\/div>\n<div>Davide Marrollo &#8211; BFI<\/div>\n<div>Delegato Regionale FIAF Marche<\/div>\n<\/div>\n<\/div>\n<\/div>\n<\/div>\n\n    <div class=\"xs_social_share_widget xs_share_url after_content \t\tmain_content  wslu-style-1 wslu-share-box-shaped wslu-fill-colored wslu-none wslu-share-horizontal wslu-theme-font-no wslu-main_content\">\n\n\t\t\n        <ul>\n\t\t\t        <\/ul>\n    <\/div> \n","protected":false},"excerpt":{"rendered":"<p>Carissimi tutti, utilizzo questo mezzo in maniera alternativa oggi. Di solito il senso delle mail \u00e8 quello di informare sulle &hellip;<\/p>\n","protected":false},"author":22,"featured_media":0,"comment_status":"closed","ping_status":"closed","sticky":false,"template":"","format":"standard","meta":{"_acf_changed":false,"footnotes":""},"categories":[5],"tags":[],"class_list":["post-11222","post","type-post","status-publish","format-standard","hentry","category-avvisicomunicazioni"],"acf":[],"_links":{"self":[{"href":"https:\/\/fiaf.net\/marche\/wp-json\/wp\/v2\/posts\/11222","targetHints":{"allow":["GET"]}}],"collection":[{"href":"https:\/\/fiaf.net\/marche\/wp-json\/wp\/v2\/posts"}],"about":[{"href":"https:\/\/fiaf.net\/marche\/wp-json\/wp\/v2\/types\/post"}],"author":[{"embeddable":true,"href":"https:\/\/fiaf.net\/marche\/wp-json\/wp\/v2\/users\/22"}],"replies":[{"embeddable":true,"href":"https:\/\/fiaf.net\/marche\/wp-json\/wp\/v2\/comments?post=11222"}],"version-history":[{"count":1,"href":"https:\/\/fiaf.net\/marche\/wp-json\/wp\/v2\/posts\/11222\/revisions"}],"predecessor-version":[{"id":11225,"href":"https:\/\/fiaf.net\/marche\/wp-json\/wp\/v2\/posts\/11222\/revisions\/11225"}],"wp:attachment":[{"href":"https:\/\/fiaf.net\/marche\/wp-json\/wp\/v2\/media?parent=11222"}],"wp:term":[{"taxonomy":"category","embeddable":true,"href":"https:\/\/fiaf.net\/marche\/wp-json\/wp\/v2\/categories?post=11222"},{"taxonomy":"post_tag","embeddable":true,"href":"https:\/\/fiaf.net\/marche\/wp-json\/wp\/v2\/tags?post=11222"}],"curies":[{"name":"wp","href":"https:\/\/api.w.org\/{rel}","templated":true}]}}