{"id":1154,"date":"2013-02-11T20:28:49","date_gmt":"2013-02-11T18:28:49","guid":{"rendered":"https:\/\/fiaf.net\/regioni\/marche\/?p=1154"},"modified":"2013-02-11T20:28:49","modified_gmt":"2013-02-11T18:28:49","slug":"pro-loco-senigallia-sez-fotografia-3","status":"publish","type":"post","link":"https:\/\/fiaf.net\/marche\/pro-loco-senigallia-sez-fotografia-3\/","title":{"rendered":"&#8220;Pro Loco Senigallia&#8221; &#8211; sez. Fotografia"},"content":{"rendered":"<p style=\"text-align: justify\">Prosegue alla Pro Loco Senigallia sez. Fotografia, lo scambio di esperienze sulla fotografia con altri fotoclub. Venerd\u00ec 22 febbraio 2013 alle ore 21,15 sar\u00e0 ospite il Fotoclub Pesaro. La serata \u00e8 aperta a tutti gli appassionati di fotografia.<\/p>\n<p style=\"text-align: center\"><a href=\"https:\/\/fiaf.net\/marche\/wp-content\/uploads\/sites\/12\/2013\/02\/web2.jpg\"><img loading=\"lazy\" decoding=\"async\" class=\"alignnone size-full wp-image-1155\" title=\"web\" src=\"https:\/\/fiaf.net\/marche\/wp-content\/uploads\/sites\/12\/2013\/02\/web2.jpg\" alt=\"\" width=\"600\" height=\"841\" srcset=\"https:\/\/fiaf.net\/marche\/wp-content\/uploads\/sites\/12\/2013\/02\/web2.jpg 600w, https:\/\/fiaf.net\/marche\/wp-content\/uploads\/sites\/12\/2013\/02\/web2-214x300.jpg 214w\" sizes=\"auto, (max-width: 600px) 100vw, 600px\" \/><\/a><\/p>\n\n    <div class=\"xs_social_share_widget xs_share_url after_content \t\tmain_content  wslu-style-1 wslu-share-box-shaped wslu-fill-colored wslu-none wslu-share-horizontal wslu-theme-font-no wslu-main_content\">\n\n\t\t\n        <ul>\n\t\t\t        <\/ul>\n    <\/div> \n","protected":false},"excerpt":{"rendered":"<p>Prosegue alla Pro Loco Senigallia sez. Fotografia, lo scambio di esperienze sulla fotografia con altri fotoclub. Venerd\u00ec 22 febbraio 2013 &hellip;<\/p>\n","protected":false},"author":64,"featured_media":1155,"comment_status":"closed","ping_status":"open","sticky":false,"template":"","format":"standard","meta":{"_acf_changed":false,"footnotes":""},"categories":[13],"tags":[],"class_list":["post-1154","post","type-post","status-publish","format-standard","has-post-thumbnail","hentry","category-anno-2013"],"acf":[],"_links":{"self":[{"href":"https:\/\/fiaf.net\/marche\/wp-json\/wp\/v2\/posts\/1154","targetHints":{"allow":["GET"]}}],"collection":[{"href":"https:\/\/fiaf.net\/marche\/wp-json\/wp\/v2\/posts"}],"about":[{"href":"https:\/\/fiaf.net\/marche\/wp-json\/wp\/v2\/types\/post"}],"author":[{"embeddable":true,"href":"https:\/\/fiaf.net\/marche\/wp-json\/wp\/v2\/users\/64"}],"replies":[{"embeddable":true,"href":"https:\/\/fiaf.net\/marche\/wp-json\/wp\/v2\/comments?post=1154"}],"version-history":[{"count":0,"href":"https:\/\/fiaf.net\/marche\/wp-json\/wp\/v2\/posts\/1154\/revisions"}],"wp:featuredmedia":[{"embeddable":true,"href":"https:\/\/fiaf.net\/marche\/wp-json\/wp\/v2\/media\/1155"}],"wp:attachment":[{"href":"https:\/\/fiaf.net\/marche\/wp-json\/wp\/v2\/media?parent=1154"}],"wp:term":[{"taxonomy":"category","embeddable":true,"href":"https:\/\/fiaf.net\/marche\/wp-json\/wp\/v2\/categories?post=1154"},{"taxonomy":"post_tag","embeddable":true,"href":"https:\/\/fiaf.net\/marche\/wp-json\/wp\/v2\/tags?post=1154"}],"curies":[{"name":"wp","href":"https:\/\/api.w.org\/{rel}","templated":true}]}}