{"id":11958,"date":"2024-08-17T13:00:32","date_gmt":"2024-08-17T11:00:32","guid":{"rendered":"https:\/\/fiaf.net\/marche\/?p=11958"},"modified":"2024-08-17T08:44:07","modified_gmt":"2024-08-17T06:44:07","slug":"mostre-lab-di-cult174-totem-e-tabu","status":"publish","type":"post","link":"https:\/\/fiaf.net\/marche\/mostre-lab-di-cult174-totem-e-tabu\/","title":{"rendered":"[MOSTRE] &#8211; LAB di Cult174 &#8211; Totem e tab\u00f9"},"content":{"rendered":"<p>Il <strong>Lab di Cult 174 \u00e8 partito a ottobre 2023<\/strong> ed ha raccolto adesioni sia dalla provincia di Macerata che da San Benedetto del Tronto. Gli incontri si sono svolti all\u2019incirca con cadenza mensile, pi\u00f9 ravvicinati negli ultimi mesi, via via che ci si avvicinava alla scadenza stabilita per la mostra dei lavori.<\/p>\n<p>In tutto <strong><em>i partecipanti sono stati 15<\/em><\/strong>, oltre al <strong>coordinatore Ivano Quintavalle<\/strong>, che fin dall\u2019inizio ha impostato il proprio ruolo all\u2019insegna del rispetto della libert\u00e0 creativa di ciascuno. Le idee di ogni iscritto al laboratorio sono state ascoltate da tutto il gruppo e c\u2019\u00e8 stata una bella concorrenza di stimoli e suggerimenti che sono stati d\u2019aiuto al miglioramento dei progetti che si andavano sviluppando. Al termine del laboratorio, anche la forma di presentazione dei vari lavori \u00e8 stata scelta con autonomia dai singoli fotografi: c\u2019\u00e8 chi ha deciso di presentare le proprie immagini impaginate in un unico pannello, e chi invece ha preferito stampare le foto singolarmente, chi ha aggiunto una spiegazione scritta e chi invece ha preferito lasciare semplicemente alle immagini il compito di parlare.<\/p>\n<p><strong>La mostra sar\u00e0 inaugurata marted\u00ec 20 agosto alle ore 21, presso il Torrione di San Benedetto del Tronto, e rester\u00e0 in visione fino a domenica 1 settembre<\/strong>.<\/p>\n<p><strong>La mostra sar\u00e0 visitabile dal marted\u00ec alla domenica dalle ore 21 alle ore 24<\/strong>.<\/p>\n<p>Tutti sono invitati a partecipare.<\/p>\n<p><img loading=\"lazy\" decoding=\"async\" class=\"alignnone size-large wp-image-11959\" src=\"https:\/\/fiaf.net\/marche\/wp-content\/uploads\/sites\/12\/2024\/08\/Immagine-WhatsApp-2024-08-12-ore-14.31.27_493ea34f-726x1024.jpg\" alt=\"\" width=\"726\" height=\"1024\" srcset=\"https:\/\/fiaf.net\/marche\/wp-content\/uploads\/sites\/12\/2024\/08\/Immagine-WhatsApp-2024-08-12-ore-14.31.27_493ea34f-726x1024.jpg 726w, https:\/\/fiaf.net\/marche\/wp-content\/uploads\/sites\/12\/2024\/08\/Immagine-WhatsApp-2024-08-12-ore-14.31.27_493ea34f-213x300.jpg 213w, https:\/\/fiaf.net\/marche\/wp-content\/uploads\/sites\/12\/2024\/08\/Immagine-WhatsApp-2024-08-12-ore-14.31.27_493ea34f-768x1084.jpg 768w, https:\/\/fiaf.net\/marche\/wp-content\/uploads\/sites\/12\/2024\/08\/Immagine-WhatsApp-2024-08-12-ore-14.31.27_493ea34f.jpg 1080w\" sizes=\"auto, (max-width: 726px) 100vw, 726px\" \/><\/p>\n\n    <div class=\"xs_social_share_widget xs_share_url after_content \t\tmain_content  wslu-style-1 wslu-share-box-shaped wslu-fill-colored wslu-none wslu-share-horizontal wslu-theme-font-no wslu-main_content\">\n\n\t\t\n        <ul>\n\t\t\t        <\/ul>\n    <\/div> \n","protected":false},"excerpt":{"rendered":"<p>Il Lab di Cult 174 \u00e8 partito a ottobre 2023 ed ha raccolto adesioni sia dalla provincia di Macerata che &hellip;<\/p>\n","protected":false},"author":22,"featured_media":11719,"comment_status":"closed","ping_status":"closed","sticky":false,"template":"","format":"standard","meta":{"_acf_changed":false,"footnotes":""},"categories":[1],"tags":[],"class_list":["post-11958","post","type-post","status-publish","format-standard","has-post-thumbnail","hentry","category-generico"],"acf":[],"_links":{"self":[{"href":"https:\/\/fiaf.net\/marche\/wp-json\/wp\/v2\/posts\/11958","targetHints":{"allow":["GET"]}}],"collection":[{"href":"https:\/\/fiaf.net\/marche\/wp-json\/wp\/v2\/posts"}],"about":[{"href":"https:\/\/fiaf.net\/marche\/wp-json\/wp\/v2\/types\/post"}],"author":[{"embeddable":true,"href":"https:\/\/fiaf.net\/marche\/wp-json\/wp\/v2\/users\/22"}],"replies":[{"embeddable":true,"href":"https:\/\/fiaf.net\/marche\/wp-json\/wp\/v2\/comments?post=11958"}],"version-history":[{"count":1,"href":"https:\/\/fiaf.net\/marche\/wp-json\/wp\/v2\/posts\/11958\/revisions"}],"predecessor-version":[{"id":11960,"href":"https:\/\/fiaf.net\/marche\/wp-json\/wp\/v2\/posts\/11958\/revisions\/11960"}],"wp:featuredmedia":[{"embeddable":true,"href":"https:\/\/fiaf.net\/marche\/wp-json\/wp\/v2\/media\/11719"}],"wp:attachment":[{"href":"https:\/\/fiaf.net\/marche\/wp-json\/wp\/v2\/media?parent=11958"}],"wp:term":[{"taxonomy":"category","embeddable":true,"href":"https:\/\/fiaf.net\/marche\/wp-json\/wp\/v2\/categories?post=11958"},{"taxonomy":"post_tag","embeddable":true,"href":"https:\/\/fiaf.net\/marche\/wp-json\/wp\/v2\/tags?post=11958"}],"curies":[{"name":"wp","href":"https:\/\/api.w.org\/{rel}","templated":true}]}}