{"id":12342,"date":"2025-09-05T13:00:02","date_gmt":"2025-09-05T11:00:02","guid":{"rendered":"https:\/\/fiaf.net\/marche\/?p=12342"},"modified":"2025-09-04T20:02:31","modified_gmt":"2025-09-04T18:02:31","slug":"mostre-impressum-photo-award-2025","status":"publish","type":"post","link":"https:\/\/fiaf.net\/marche\/mostre-impressum-photo-award-2025\/","title":{"rendered":"[MOSTRE] &#8211; IMPRESSUM PHOTO AWARD 2025"},"content":{"rendered":"<div class=\"xdj266r x14z9mp xat24cr x1lziwak x1vvkbs x126k92a\">\n<div dir=\"auto\"><span class=\"html-span xexx8yu xyri2b x18d9i69 x1c1uobl x1hl2dhg x16tdsg8 x1vvkbs x3nfvp2 x1j61x8r x1fcty0u xdj266r xat24cr xm2jcoa x1mpyi22 xxymvpz xlup9mm x1kky2od\"><img loading=\"lazy\" decoding=\"async\" class=\"xz74otr x15mokao x1ga7v0g x16uus16 xbiv7yw\" src=\"https:\/\/static.xx.fbcdn.net\/images\/emoji.php\/v9\/tde\/1\/16\/1f4f8.png\" alt=\"\ud83d\udcf8\" width=\"16\" height=\"16\" \/><\/span> <strong>IMPRESSUM PHOTO AWARD &#8211; IL FESTIVAL<\/strong> <span class=\"html-span xexx8yu xyri2b x18d9i69 x1c1uobl x1hl2dhg x16tdsg8 x1vvkbs x3nfvp2 x1j61x8r x1fcty0u xdj266r xat24cr xm2jcoa x1mpyi22 xxymvpz xlup9mm x1kky2od\"><img loading=\"lazy\" decoding=\"async\" class=\"xz74otr x15mokao x1ga7v0g x16uus16 xbiv7yw\" src=\"https:\/\/static.xx.fbcdn.net\/images\/emoji.php\/v9\/tde\/1\/16\/1f4f8.png\" alt=\"\ud83d\udcf8\" width=\"16\" height=\"16\" \/><\/span><\/div>\n<\/div>\n<div class=\"x14z9mp xat24cr x1lziwak x1vvkbs xtlvy1s x126k92a\">\n<div dir=\"auto\"><strong>Dal 13 Settembre al 5 Ottobre<\/strong><\/div>\n<\/div>\n<div class=\"x14z9mp xat24cr x1lziwak x1vvkbs xtlvy1s x126k92a\">\n<div dir=\"auto\"><span class=\"html-span xexx8yu xyri2b x18d9i69 x1c1uobl x1hl2dhg x16tdsg8 x1vvkbs x3nfvp2 x1j61x8r x1fcty0u xdj266r xat24cr xm2jcoa x1mpyi22 xxymvpz xlup9mm x1kky2od\"><img loading=\"lazy\" decoding=\"async\" class=\"xz74otr x15mokao x1ga7v0g x16uus16 xbiv7yw\" src=\"https:\/\/static.xx.fbcdn.net\/images\/emoji.php\/v9\/tfa\/1\/16\/1f7e0.png\" alt=\"\ud83d\udfe0\" width=\"16\" height=\"16\" \/><\/span> MOSTRE FOTOGRAFICHE:<\/div>\n<\/div>\n<div class=\"x14z9mp xat24cr x1lziwak x1vvkbs xtlvy1s x126k92a\">\n<div dir=\"auto\">&#8211; <strong>Impressum 2025<\/strong>_Foto finaliste del concorso<\/div>\n<div dir=\"auto\">&#8211; <strong>Alberto Bonifazi<\/strong>_Il dio Shiva e i suoi seguaci<\/div>\n<div dir=\"auto\">&#8211; <strong>Giuseppe Capriotti<\/strong>_Esplorare l&#8217;universo<\/div>\n<div dir=\"auto\">&#8211; <strong>Lorenzo Cicconi Massi<\/strong>_La terra dei bambini giganti<\/div>\n<div dir=\"auto\">&#8211; <strong>Chiara Felmini<\/strong>_The light of humanity<\/div>\n<div dir=\"auto\">&#8211; <strong>Fototeca Comunale Morrovalle<\/strong>_Poliedro<\/div>\n<div dir=\"auto\">&#8211; <strong>Roberto Marchegiani<\/strong>_Fotografia Naturalistica<\/div>\n<div dir=\"auto\">&#8211; <strong>Davide Marrollo<\/strong>_Credo<\/div>\n<div dir=\"auto\">&#8211; <strong>Impressum 2024<\/strong>_Foto finaliste del concorso<\/div>\n<div dir=\"auto\"><\/div>\n<\/div>\n<div class=\"x14z9mp xat24cr x1lziwak x1vvkbs xtlvy1s x126k92a\">\n<div dir=\"auto\"><span class=\"html-span xexx8yu xyri2b x18d9i69 x1c1uobl x1hl2dhg x16tdsg8 x1vvkbs x3nfvp2 x1j61x8r x1fcty0u xdj266r xat24cr xm2jcoa x1mpyi22 xxymvpz xlup9mm x1kky2od\"><img loading=\"lazy\" decoding=\"async\" class=\"xz74otr x15mokao x1ga7v0g x16uus16 xbiv7yw\" src=\"https:\/\/static.xx.fbcdn.net\/images\/emoji.php\/v9\/t7b\/1\/16\/1f7e1.png\" alt=\"\ud83d\udfe1\" width=\"16\" height=\"16\" \/><\/span> <strong>EVENTI E TALK<\/strong><\/div>\n<\/div>\n<div class=\"x14z9mp xat24cr x1lziwak x1vvkbs xtlvy1s x126k92a\">\n<div dir=\"auto\">&#8211; <strong>Inaugurazione sabato 13 Settembre ore 17<\/strong><\/div>\n<div dir=\"auto\">&#8211; Cena di Inaugurazione 13 Settembre<\/div>\n<div dir=\"auto\">&#8211; Evento di Premiazione sabato 4 Ottobre<\/div>\n<\/div>\n<div class=\"x14z9mp xat24cr x1lziwak x1vvkbs xtlvy1s x126k92a\">\n<div dir=\"auto\">&#8211; <strong>GUIDO GUIDI_<\/strong>Essere Guido Guidi, conversazione con Pippo Ciorra_sabato 4 Ottobre<\/div>\n<div dir=\"auto\">&#8211; <strong>EDOARDO CATINI<\/strong>_Strumentazione e linguaggio, la libert\u00e0 di una fotografia pi\u00f9 consapevole_sabato 20 sett.<\/div>\n<div dir=\"auto\">&#8211; <strong>PHOTONICA3<\/strong>_Alaska: l&#8217;ultima frontiera_sabato 20 sett.<\/div>\n<div dir=\"auto\">&#8211; <strong>GIOVANNI MARROZZINI<\/strong>_Memorie allo specchio_domenica 21 settembre<\/div>\n<div dir=\"auto\">&#8211; <strong>GIUSEPPE CAPRIOTTI E LUCA GOTTI<\/strong>_Esplorare l&#8217;universo: l&#8217;arte di fotografare l&#8217;invisibile_sabato 27 sett.<\/div>\n<div dir=\"auto\">&#8211; <strong>ROBERTO MARCHEGIANI<\/strong>_Fotografia Naturalistica_ sabato 27 settembre<\/div>\n<div dir=\"auto\">&#8211; <strong>GIUSEPPE CAPRIOTTI E LUCA GOTTI<\/strong>_Osservazione del cielo con telescopio_sabato 27 settembre<\/div>\n<div dir=\"auto\"><\/div>\n<\/div>\n<div class=\"x14z9mp xat24cr x1lziwak x1vvkbs xtlvy1s x126k92a\">\n<div dir=\"auto\"><span class=\"html-span xexx8yu xyri2b x18d9i69 x1c1uobl x1hl2dhg x16tdsg8 x1vvkbs x3nfvp2 x1j61x8r x1fcty0u xdj266r xat24cr xm2jcoa x1mpyi22 xxymvpz xlup9mm x1kky2od\"><img loading=\"lazy\" decoding=\"async\" class=\"xz74otr x15mokao x1ga7v0g x16uus16 xbiv7yw\" src=\"https:\/\/static.xx.fbcdn.net\/images\/emoji.php\/v9\/tac\/1\/16\/1f4cc.png\" alt=\"\ud83d\udccc\" width=\"16\" height=\"16\" \/><\/span> Centro citt\u00e0, Tolentino (MC) &#8211; Siti espositivi:<\/div>\n<\/div>\n<div class=\"x14z9mp xat24cr x1lziwak x1vvkbs xtlvy1s x126k92a\">\n<div dir=\"auto\">&#8211; Palazzo Sangallo<\/div>\n<div dir=\"auto\">&#8211; Palazzo Porcelli<\/div>\n<div dir=\"auto\">&#8211; Palazzo Benadduci<\/div>\n<div dir=\"auto\">&#8211; Teatro Politeama<\/div>\n<div dir=\"auto\"><\/div>\n<\/div>\n<div class=\"x14z9mp xat24cr x1lziwak x1vvkbs xtlvy1s x126k92a\">\n<div dir=\"auto\"><span class=\"html-span xexx8yu xyri2b x18d9i69 x1c1uobl x1hl2dhg x16tdsg8 x1vvkbs x3nfvp2 x1j61x8r x1fcty0u xdj266r xat24cr xm2jcoa x1mpyi22 xxymvpz xlup9mm x1kky2od\"><img loading=\"lazy\" decoding=\"async\" class=\"xz74otr x15mokao x1ga7v0g x16uus16 xbiv7yw\" src=\"https:\/\/static.xx.fbcdn.net\/images\/emoji.php\/v9\/t9e\/1\/16\/27a1.png\" alt=\"\u27a1\ufe0f\" width=\"16\" height=\"16\" \/><\/span> Per maggiori info visita il sito <a href=\"http:\/\/www.impressumphotoaward.it\/?fbclid=IwZXh0bgNhZW0CMTAAYnJpZBExb0d5VTVWRUwwaldRTmtaZAEeHe2ccVjR9GfMocAXKYSRsFrRwWQ__OsowPtYyFNyrrBwpglGDhZwYFnW0WQ_aem_AO7e5kADp8v6aRrOOlLuTQ\" target=\"_blank\" rel=\"noopener\"><strong>www.impressumphotoaward.it<\/strong><\/a><\/div>\n<\/div>\n<div dir=\"auto\"><\/div>\n<div dir=\"auto\"><img loading=\"lazy\" decoding=\"async\" class=\"alignnone size-large wp-image-12343\" src=\"https:\/\/fiaf.net\/marche\/wp-content\/uploads\/sites\/12\/2025\/09\/529288064_122330155832001654_5923438386089276879_n-819x1024.jpg\" alt=\"\" width=\"819\" height=\"1024\" srcset=\"https:\/\/fiaf.net\/marche\/wp-content\/uploads\/sites\/12\/2025\/09\/529288064_122330155832001654_5923438386089276879_n-819x1024.jpg 819w, https:\/\/fiaf.net\/marche\/wp-content\/uploads\/sites\/12\/2025\/09\/529288064_122330155832001654_5923438386089276879_n-240x300.jpg 240w, https:\/\/fiaf.net\/marche\/wp-content\/uploads\/sites\/12\/2025\/09\/529288064_122330155832001654_5923438386089276879_n-768x960.jpg 768w, https:\/\/fiaf.net\/marche\/wp-content\/uploads\/sites\/12\/2025\/09\/529288064_122330155832001654_5923438386089276879_n.jpg 1152w\" sizes=\"auto, (max-width: 819px) 100vw, 819px\" \/><\/div>\n<div dir=\"auto\"><\/div>\n<div dir=\"auto\">\n<blockquote><p>\ud83c\udd5c\ud83c\udd5e\ud83c\udd62\ud83c\udd63\ud83c\udd61\ud83c\udd50 &#8211; LA TERRA DEI BAMBINI GIGANTI<\/p>\n<p>&#8211; <strong>Personale di Lorenzo Cicconi Massi<\/strong><\/p>\n<p>In questa selezione fotografica scopriremo il centro di accoglienza Mthunzi a Lusaka, in Zambia, sostenuto dalla Onlus italiana Amani, che \u00e8 il cuore dell&#8217;ospitalit\u00e0 per bambini che l\u00ec vivono e cercano di costruirsi un futuro attraverso la ginnastica acrobatica, impegnando gran parte del pomeriggio ad allenarsi costruendo grattacieli umani, gli uni sugli altri, consapevoli dell&#8217;importanza di ogni anello della catena.<\/p>\n<p>Dal 13 Settembre al 5 Ottobre<\/p>\n<p>Palazzo Sangallo, P.zza della Libert\u00e0, Tolentino (MC)<\/p>\n<p>Info su orari di apertura e biglietteria: <a href=\"https:\/\/l.facebook.com\/l.php?u=http%3A%2F%2Fwww.impressumphotoaward.it%2F%3Ffbclid%3DIwZXh0bgNhZW0CMTAAYnJpZBExb0d5VTVWRUwwaldRTmtaZAEevTz20gpyW2-cVhZDXahWFWLhRxMcO7hD4CTQGBNyBUvmq2P5M3Gykc0x4hg_aem_7TUpMW1Qwh9mXkJ4lWz5mg&amp;h=AT3FJ4lvXXW-jeQ5UudDa1ADllKuJhryvGNogbkFUXb3KjdLkKzMv0OXhqKqcfn58JbWoRaO0ZA57uUjRzpA9oAf3cXUPlIxS1wsblNNpP5LLBM74_GCvkWSYFMof7vQoL2biGy7dEtVU4w&amp;__tn__=-UK-R&amp;c%5b0%5d=AT1I9HF8NteIThVOu5nnTiDhXCRw6LTugQBwYzrgcxNvuPNZ8SIV_DyDSyTdZAZOzLPKNS9FigoaCbqj6RweAq8G90OgHj1BOaWUfxv5nMIVIFKHfx8YlhZhkveGuvPi59qwWtqDQQ_Cc3lqESjVtIm2VRYW22y92YSf0SjRt8vHSRhutVgOoKN2_QikMXiwjevu4ez6g1TaHtfammDFZWTO-kWaCQ\" target=\"_blank\" rel=\"noopener\"><strong>www.impressumphotoaward.it<\/strong><\/a><\/p><\/blockquote>\n<p><img loading=\"lazy\" decoding=\"async\" class=\"alignnone size-large wp-image-12344\" src=\"https:\/\/fiaf.net\/marche\/wp-content\/uploads\/sites\/12\/2025\/09\/538193225_122335297736001654_5347834821935784273_n-819x1024.jpg\" alt=\"\" width=\"819\" height=\"1024\" srcset=\"https:\/\/fiaf.net\/marche\/wp-content\/uploads\/sites\/12\/2025\/09\/538193225_122335297736001654_5347834821935784273_n-819x1024.jpg 819w, https:\/\/fiaf.net\/marche\/wp-content\/uploads\/sites\/12\/2025\/09\/538193225_122335297736001654_5347834821935784273_n-240x300.jpg 240w, https:\/\/fiaf.net\/marche\/wp-content\/uploads\/sites\/12\/2025\/09\/538193225_122335297736001654_5347834821935784273_n-768x960.jpg 768w, https:\/\/fiaf.net\/marche\/wp-content\/uploads\/sites\/12\/2025\/09\/538193225_122335297736001654_5347834821935784273_n-1229x1536.jpg 1229w, https:\/\/fiaf.net\/marche\/wp-content\/uploads\/sites\/12\/2025\/09\/538193225_122335297736001654_5347834821935784273_n.jpg 1638w\" sizes=\"auto, (max-width: 819px) 100vw, 819px\" \/><\/p>\n<\/div>\n<p>&nbsp;<\/p>\n<blockquote><p>\ud83c\udd5c\ud83c\udd5e\ud83c\udd62\ud83c\udd63\ud83c\udd61\ud83c\udd50 &#8211; POLIEDRO<\/p>\n<p>&#8211; <strong>Mostra collettiva a cura del circolo Fototeca Comunale di Morrovalle<\/strong><\/p>\n<p>Quaranta scatti per venti autori. Questa mostra rispecchia l&#8217;identit\u00e0 individuale dei singoli autori che utilizzando vari generi di fotografia compongono con le loro foto, come le diverse facce della figura geometrica cui \u00e8 stato dato il titolo della mostra, un&#8217;unit\u00e0 espositiva che definisce e racconta il circolo morrovallese.<\/p>\n<p>Dal 13 Settembre al 5 Ottobre<\/p>\n<p>Palazzo Sangallo, P.zza della Libert\u00e0, Tolentino (MC)<\/p>\n<p>Info su orari di apertura e biglietteria: <a href=\"https:\/\/l.facebook.com\/l.php?u=http%3A%2F%2Fwww.impressumphotoaward.it%2F%3Ffbclid%3DIwZXh0bgNhZW0CMTAAYnJpZBExb0d5VTVWRUwwaldRTmtaZAEeyS7_arF5X_gFxYJmYPOHHn1_3NNNzIdGAivn0wJ-UC5X2XCZMYdVeOxVCzA_aem_OV8pfJXX_zVwyy7QXH2xrw&amp;h=AT1hzZEn58ojNiwOGyb9IfDaT-_72-OD4TlCAPRTZSKDya15d3YogB4SWdafXJYzWwPpRNbdVCxLsrwo17I5_ILgF6OGFtX8YT_7t5eg5REUNuN75Y7BGJZxX3Z0H4Bd8H_alSvThiDlJOk&amp;__tn__=-UK-R&amp;c%5b0%5d=AT0mTcDPLTnITpO-OhXltCUs0cmJiyJl6pdOb_EUe_p6ZQlf59CtiSd29JTaG-jd_RDeCyzSDcq6UHRKjLLW9Ll_tnrbLco9XlOaFSXsTDJNwaMSblk-Ram7WSjKgwMAfntKUhL6MavUWCT59AO3rZ6S82rhQkoyoHvnTzctd1ADIk6xGyK5Bf8kKAE1Byt1bV1P45wKVHkYqrJPzrIMkwzK4EQBug\" target=\"_blank\" rel=\"noopener\">www.impressumphotoaward.it<\/a><\/p><\/blockquote>\n<p><img loading=\"lazy\" decoding=\"async\" class=\"alignnone size-large wp-image-12345\" src=\"https:\/\/fiaf.net\/marche\/wp-content\/uploads\/sites\/12\/2025\/09\/540080296_122336532728001654_5152440933730594455_n-819x1024.jpg\" alt=\"\" width=\"819\" height=\"1024\" srcset=\"https:\/\/fiaf.net\/marche\/wp-content\/uploads\/sites\/12\/2025\/09\/540080296_122336532728001654_5152440933730594455_n-819x1024.jpg 819w, https:\/\/fiaf.net\/marche\/wp-content\/uploads\/sites\/12\/2025\/09\/540080296_122336532728001654_5152440933730594455_n-240x300.jpg 240w, https:\/\/fiaf.net\/marche\/wp-content\/uploads\/sites\/12\/2025\/09\/540080296_122336532728001654_5152440933730594455_n-768x960.jpg 768w, https:\/\/fiaf.net\/marche\/wp-content\/uploads\/sites\/12\/2025\/09\/540080296_122336532728001654_5152440933730594455_n-1229x1536.jpg 1229w, https:\/\/fiaf.net\/marche\/wp-content\/uploads\/sites\/12\/2025\/09\/540080296_122336532728001654_5152440933730594455_n.jpg 1638w\" sizes=\"auto, (max-width: 819px) 100vw, 819px\" \/><\/p>\n<blockquote><p><span style=\"font-size: 1.3125rem\">\ud83c\udd5c\ud83c\udd5e\ud83c\udd62\ud83c\udd63\ud83c\udd61\ud83c\udd50 &#8211; CREDO<\/span><\/p>\n<div dir=\"auto\">\n<p><strong>&#8211; Personale di Davide Marrollo<\/strong><\/p>\n<p>Credere in qualcosa, ti porta ad essere vivo.<br \/>\nChe sia divino o terreno non importa.<br \/>\nL&#8217;importante \u00e8 credere.<\/p>\n<p>Dal 13 Settembre al 5 Ottobre<\/p>\n<p>Palazzo Sangallo, P.zza della Libert\u00e0, Tolentino (MC)<\/p>\n<p>Info su orari di apertura e biglietteria: <a href=\"http:\/\/www.impressumphotoaward.it\/?fbclid=IwZXh0bgNhZW0CMTAAYnJpZBExb0d5VTVWRUwwaldRTmtaZAEeHe2ccVjR9GfMocAXKYSRsFrRwWQ__OsowPtYyFNyrrBwpglGDhZwYFnW0WQ_aem_AO7e5kADp8v6aRrOOlLuTQ\" target=\"_blank\" rel=\"noopener\"><strong>www.impressumphotoaward.it<\/strong><\/a><\/div>\n<\/blockquote>\n<div dir=\"auto\"><img loading=\"lazy\" decoding=\"async\" class=\"alignnone size-large wp-image-12354\" src=\"https:\/\/fiaf.net\/marche\/wp-content\/uploads\/sites\/12\/2025\/09\/542757873_122338139840001654_2366470746186507020_n-819x1024.jpg\" alt=\"\" width=\"819\" height=\"1024\" srcset=\"https:\/\/fiaf.net\/marche\/wp-content\/uploads\/sites\/12\/2025\/09\/542757873_122338139840001654_2366470746186507020_n-819x1024.jpg 819w, https:\/\/fiaf.net\/marche\/wp-content\/uploads\/sites\/12\/2025\/09\/542757873_122338139840001654_2366470746186507020_n-240x300.jpg 240w, https:\/\/fiaf.net\/marche\/wp-content\/uploads\/sites\/12\/2025\/09\/542757873_122338139840001654_2366470746186507020_n-768x960.jpg 768w, https:\/\/fiaf.net\/marche\/wp-content\/uploads\/sites\/12\/2025\/09\/542757873_122338139840001654_2366470746186507020_n-1229x1536.jpg 1229w, https:\/\/fiaf.net\/marche\/wp-content\/uploads\/sites\/12\/2025\/09\/542757873_122338139840001654_2366470746186507020_n.jpg 1638w\" sizes=\"auto, (max-width: 819px) 100vw, 819px\" \/><\/div>\n\n    <div class=\"xs_social_share_widget xs_share_url after_content \t\tmain_content  wslu-style-1 wslu-share-box-shaped wslu-fill-colored wslu-none wslu-share-horizontal wslu-theme-font-no wslu-main_content\">\n\n\t\t\n        <ul>\n\t\t\t        <\/ul>\n    <\/div> \n","protected":false},"excerpt":{"rendered":"<p>IMPRESSUM PHOTO AWARD &#8211; IL FESTIVAL Dal 13 Settembre al 5 Ottobre MOSTRE FOTOGRAFICHE: &#8211; Impressum 2025_Foto finaliste del concorso &hellip;<\/p>\n","protected":false},"author":22,"featured_media":12346,"comment_status":"closed","ping_status":"closed","sticky":false,"template":"","format":"standard","meta":{"_acf_changed":false,"footnotes":""},"categories":[10],"tags":[],"class_list":["post-12342","post","type-post","status-publish","format-standard","has-post-thumbnail","hentry","category-mostre"],"acf":[],"_links":{"self":[{"href":"https:\/\/fiaf.net\/marche\/wp-json\/wp\/v2\/posts\/12342","targetHints":{"allow":["GET"]}}],"collection":[{"href":"https:\/\/fiaf.net\/marche\/wp-json\/wp\/v2\/posts"}],"about":[{"href":"https:\/\/fiaf.net\/marche\/wp-json\/wp\/v2\/types\/post"}],"author":[{"embeddable":true,"href":"https:\/\/fiaf.net\/marche\/wp-json\/wp\/v2\/users\/22"}],"replies":[{"embeddable":true,"href":"https:\/\/fiaf.net\/marche\/wp-json\/wp\/v2\/comments?post=12342"}],"version-history":[{"count":3,"href":"https:\/\/fiaf.net\/marche\/wp-json\/wp\/v2\/posts\/12342\/revisions"}],"predecessor-version":[{"id":12355,"href":"https:\/\/fiaf.net\/marche\/wp-json\/wp\/v2\/posts\/12342\/revisions\/12355"}],"wp:featuredmedia":[{"embeddable":true,"href":"https:\/\/fiaf.net\/marche\/wp-json\/wp\/v2\/media\/12346"}],"wp:attachment":[{"href":"https:\/\/fiaf.net\/marche\/wp-json\/wp\/v2\/media?parent=12342"}],"wp:term":[{"taxonomy":"category","embeddable":true,"href":"https:\/\/fiaf.net\/marche\/wp-json\/wp\/v2\/categories?post=12342"},{"taxonomy":"post_tag","embeddable":true,"href":"https:\/\/fiaf.net\/marche\/wp-json\/wp\/v2\/tags?post=12342"}],"curies":[{"name":"wp","href":"https:\/\/api.w.org\/{rel}","templated":true}]}}